{"id":32984,"date":"2026-09-01T17:28:00","date_gmt":"2026-09-01T15:28:00","guid":{"rendered":"https:\/\/archiwum.radiopodlasie.pl\/NEW\/?p=32984"},"modified":"2026-09-04T20:30:53","modified_gmt":"2026-09-04T18:30:53","slug":"trzy-zyciorysy-jedna-ojczyzna","status":"publish","type":"post","link":"http:\/\/archiwum.radiopodlasie.pl\/NEW\/2026\/09\/01\/trzy-zyciorysy-jedna-ojczyzna\/","title":{"rendered":"Trzy \u017cyciorysy. Jedna Ojczyzna"},"content":{"rendered":"<p>Tytu\u0142<strong>: Trzy \u017cyciorysy. Jedna Ojczyzna<\/strong><\/p>\n<p>Autor: Agnieszka Bolewska-Iwaniuk<\/p>\n<p>Nazwa audycji: <strong><span style=\"color: #339966;\">Wywiady<\/span><\/strong><br \/>Data emisji: 01-09-2026<\/p>\n<p>1 wrze\u015bnia wspominamy rocznic\u0119 wybuchu II wojny \u015bwiatowej \u2013 pami\u0119tamy o tych, kt\u00f3rzy walczyli za Ojczyzn\u0119, i o wszystkich ofiarach wojny. Tego dnia szczeg\u00f3lnie pochylamy si\u0119 nad \u017co\u0142nierskimi mogi\u0142ami, ale pami\u0119\u0107 o historii ma tak\u017ce swoje rodzinne twarze i miejsca.<br \/>Dzi\u015b chcemy opowiedzie\u0107 rodzinn\u0105 histori\u0119, kt\u00f3ra pokazuje, \u017ce historia wojen nie zaczyna si\u0119 i nie ko\u0144czy na jednej dacie. To historia trzech braci, urodzonych na tych ziemiach, kt\u00f3rzy walczyli za Polsk\u0119 ju\u017c w 1920 roku. P\u00f3\u017aniejsze losy jednego z nich naznaczy\u0142y kolejna wojna, Syberia i s\u0142u\u017cba w Armii Andersa.<br \/>O ich \u017cyciu, walce i niezwyk\u0142ych kolejach losu opowie dzi\u015b potomek tej rodziny, pan Marek Brewczuk, z kt\u00f3rym rozmawia\u0142a Agnieszka Bolewska-Iwaniuk.<br \/>Nasz rozm\u00f3wca chce, by pami\u0119\u0107 o lokalnych bohaterach, tak\u017ce o jego przodkach, nie zosta\u0142a zapomniana. Dlatego chcia\u0142by upami\u0119tni\u0107 ich muralem. O historii trzech braci i o tym pomy\u015ble opowiemy w audycji.<\/p>\n\n\n<figure class=\"wp-block-image size-large\"><img loading=\"lazy\" decoding=\"async\" width=\"1024\" height=\"575\" src=\"http:\/\/archiwum.radiopodlasie.pl\/NEW\/wp-content\/uploads\/2026\/09\/abol_01_trzej-bracia-4-1024x575.jpg\" alt=\"\" class=\"wp-image-32986\" srcset=\"http:\/\/archiwum.radiopodlasie.pl\/NEW\/wp-content\/uploads\/2026\/09\/abol_01_trzej-bracia-4-1024x575.jpg 1024w, http:\/\/archiwum.radiopodlasie.pl\/NEW\/wp-content\/uploads\/2026\/09\/abol_01_trzej-bracia-4-300x169.jpg 300w, http:\/\/archiwum.radiopodlasie.pl\/NEW\/wp-content\/uploads\/2026\/09\/abol_01_trzej-bracia-4-768x431.jpg 768w, http:\/\/archiwum.radiopodlasie.pl\/NEW\/wp-content\/uploads\/2026\/09\/abol_01_trzej-bracia-4.jpg 1200w\" sizes=\"auto, (max-width: 1024px) 100vw, 1024px\" \/><\/figure>\n\n\n\n<figure class=\"wp-block-audio\"><audio controls src=\"https:\/\/dzwieki.radiopodlasie.pl:8789\/uploads\/2026\/09\/260901_abol_01_wojacy_pp.mp3\"><\/audio><\/figure>\n\n\n\n<p><\/p>\n","protected":false},"excerpt":{"rendered":"<p>Tytu\u0142: Trzy \u017cyciorysy. Jedna Ojczyzna Autor: Agnieszka Bolewska-Iwaniuk Nazwa audycji: WywiadyData emisji: 01-09-2026 1 wrze\u015bnia wspominamy rocznic\u0119 wybuchu II wojny \u015bwiatowej \u2013 pami\u0119tamy o tych, kt\u00f3rzy walczyli za Ojczyzn\u0119, i o wszystkich ofiarach wojny.&#46;&#46;&#46;<\/p>\n","protected":false},"author":123459,"featured_media":32986,"comment_status":"open","ping_status":"open","sticky":false,"template":"","format":"standard","meta":{"om_disable_all_campaigns":false,"_monsterinsights_skip_tracking":false,"footnotes":""},"categories":[360,320],"tags":[201,4849,4848],"class_list":["post-32984","post","type-post","status-publish","format-standard","has-post-thumbnail","hentry","category-agnieszka-bolewska-iwaniuk","category-wywiady","tag-agnieszka-bolewska-iwaniuk","tag-ii-wojna-swiatowa","tag-marek-brewczuk"],"aioseo_notices":[],"_links":{"self":[{"href":"http:\/\/archiwum.radiopodlasie.pl\/NEW\/wp-json\/wp\/v2\/posts\/32984","targetHints":{"allow":["GET"]}}],"collection":[{"href":"http:\/\/archiwum.radiopodlasie.pl\/NEW\/wp-json\/wp\/v2\/posts"}],"about":[{"href":"http:\/\/archiwum.radiopodlasie.pl\/NEW\/wp-json\/wp\/v2\/types\/post"}],"author":[{"embeddable":true,"href":"http:\/\/archiwum.radiopodlasie.pl\/NEW\/wp-json\/wp\/v2\/users\/123459"}],"replies":[{"embeddable":true,"href":"http:\/\/archiwum.radiopodlasie.pl\/NEW\/wp-json\/wp\/v2\/comments?post=32984"}],"version-history":[{"count":2,"href":"http:\/\/archiwum.radiopodlasie.pl\/NEW\/wp-json\/wp\/v2\/posts\/32984\/revisions"}],"predecessor-version":[{"id":32987,"href":"http:\/\/archiwum.radiopodlasie.pl\/NEW\/wp-json\/wp\/v2\/posts\/32984\/revisions\/32987"}],"wp:featuredmedia":[{"embeddable":true,"href":"http:\/\/archiwum.radiopodlasie.pl\/NEW\/wp-json\/wp\/v2\/media\/32986"}],"wp:attachment":[{"href":"http:\/\/archiwum.radiopodlasie.pl\/NEW\/wp-json\/wp\/v2\/media?parent=32984"}],"wp:term":[{"taxonomy":"category","embeddable":true,"href":"http:\/\/archiwum.radiopodlasie.pl\/NEW\/wp-json\/wp\/v2\/categories?post=32984"},{"taxonomy":"post_tag","embeddable":true,"href":"http:\/\/archiwum.radiopodlasie.pl\/NEW\/wp-json\/wp\/v2\/tags?post=32984"}],"curies":[{"name":"wp","href":"https:\/\/api.w.org\/{rel}","templated":true}]}}