{"id":3416,"date":"2019-04-03T10:04:19","date_gmt":"2019-04-03T08:04:19","guid":{"rendered":"http:\/\/archiwum.radiopodlasie.pl\/NEW\/?p=3416"},"modified":"2019-04-03T10:04:36","modified_gmt":"2019-04-03T08:04:36","slug":"michal-litwiniuk-to-nie-tylko-zegarek","status":"publish","type":"post","link":"http:\/\/archiwum.radiopodlasie.pl\/NEW\/2019\/04\/03\/michal-litwiniuk-to-nie-tylko-zegarek\/","title":{"rendered":"Micha\u0142 Litwiniuk: To nie tylko zegarek"},"content":{"rendered":"<p>Tytu\u0142: <strong><em><span style=\"color: #008000;\"> Micha\u0142 Litwiniuk: To nie tylko zegarek<\/span><\/em><\/strong><br \/>\nAutor:<strong> Marcin Jab\u0142kowski<\/strong><br \/>\nNazwa audycji: <strong><span style=\"color: #339966;\">O tym si\u0119 m\u00f3wi<\/span><\/strong><br \/>\nData emisji: 03-04-2019<\/p>\n<p>Prezydent Bia\u0142ej Podlaskiej Micha\u0142 Litwiniuk w rozmowie z Radiem Podlasie odni\u00f3s\u0142 si\u0119 do zarzut\u00f3w opozycji dotycz\u0105cych wykorzystania miejskich funduszy do zakupu zegarka sportowego. Wyrazi\u0142 r\u00f3wnie\u017c wsparcie dla nauczycieli planuj\u0105cych przeprowadzenie akcji protestacyjnej.<\/p>\n","protected":false},"excerpt":{"rendered":"<p>Tytu\u0142: Micha\u0142 Litwiniuk: To nie tylko zegarek Autor: Marcin Jab\u0142kowski Nazwa audycji: O tym si\u0119 m\u00f3wi Data emisji: 03-04-2019 Prezydent Bia\u0142ej Podlaskiej Micha\u0142 Litwiniuk w rozmowie z Radiem Podlasie odni\u00f3s\u0142 si\u0119 do zarzut\u00f3w opozycji&#46;&#46;&#46;<\/p>\n","protected":false},"author":2,"featured_media":0,"comment_status":"open","ping_status":"open","sticky":false,"template":"","format":"standard","meta":{"om_disable_all_campaigns":false,"_monsterinsights_skip_tracking":false,"_monsterinsights_sitenote_active":false,"_monsterinsights_sitenote_note":"","_monsterinsights_sitenote_category":0,"footnotes":""},"categories":[332],"tags":[202,1578,6],"class_list":["post-3416","post","type-post","status-publish","format-standard","hentry","category-o-tym-sie-mowi","tag-marcin-jablkowski","tag-michal-litwiniuk","tag-o-tym-sie-mowi"],"aioseo_notices":[],"_links":{"self":[{"href":"http:\/\/archiwum.radiopodlasie.pl\/NEW\/wp-json\/wp\/v2\/posts\/3416","targetHints":{"allow":["GET"]}}],"collection":[{"href":"http:\/\/archiwum.radiopodlasie.pl\/NEW\/wp-json\/wp\/v2\/posts"}],"about":[{"href":"http:\/\/archiwum.radiopodlasie.pl\/NEW\/wp-json\/wp\/v2\/types\/post"}],"author":[{"embeddable":true,"href":"http:\/\/archiwum.radiopodlasie.pl\/NEW\/wp-json\/wp\/v2\/users\/2"}],"replies":[{"embeddable":true,"href":"http:\/\/archiwum.radiopodlasie.pl\/NEW\/wp-json\/wp\/v2\/comments?post=3416"}],"version-history":[{"count":1,"href":"http:\/\/archiwum.radiopodlasie.pl\/NEW\/wp-json\/wp\/v2\/posts\/3416\/revisions"}],"predecessor-version":[{"id":3417,"href":"http:\/\/archiwum.radiopodlasie.pl\/NEW\/wp-json\/wp\/v2\/posts\/3416\/revisions\/3417"}],"wp:attachment":[{"href":"http:\/\/archiwum.radiopodlasie.pl\/NEW\/wp-json\/wp\/v2\/media?parent=3416"}],"wp:term":[{"taxonomy":"category","embeddable":true,"href":"http:\/\/archiwum.radiopodlasie.pl\/NEW\/wp-json\/wp\/v2\/categories?post=3416"},{"taxonomy":"post_tag","embeddable":true,"href":"http:\/\/archiwum.radiopodlasie.pl\/NEW\/wp-json\/wp\/v2\/tags?post=3416"}],"curies":[{"name":"wp","href":"https:\/\/api.w.org\/{rel}","templated":true}]}}