{"id":3824,"date":"2019-05-10T14:12:02","date_gmt":"2019-05-10T12:12:02","guid":{"rendered":"http:\/\/archiwum.radiopodlasie.pl\/NEW\/?p=3824"},"modified":"2019-05-17T14:13:53","modified_gmt":"2019-05-17T12:13:53","slug":"dariusz-szustek-przyszle-stawki-za-smieci-zaskakujace","status":"publish","type":"post","link":"http:\/\/archiwum.radiopodlasie.pl\/NEW\/2019\/05\/10\/dariusz-szustek-przyszle-stawki-za-smieci-zaskakujace\/","title":{"rendered":"Dariusz Szustek: Przysz\u0142e stawki za \u015bmieci \u2013 zaskakuj\u0105ce"},"content":{"rendered":"<p>Tytu\u0142: <strong><em><span style=\"color: #008000;\"> Dariusz Szustek: Przysz\u0142e stawki za \u015bmieci \u2013 zaskakuj\u0105ce<\/span><\/em><\/strong><br \/>\nAutor:<strong> Marcin Jab\u0142kowski <\/strong><br \/>\nNazwa audycji: <strong><span style=\"color: #339966;\">O tym si\u0119 m\u00f3wi <\/span><\/strong><br \/>\nData emisji: 10-05-2019<\/p>\n<p>Starosta \u0141ukowski Dariusz Szustek w rozmowie z Radiem Podlasie odpowiada\u0142 na pytania zwi\u0105zane z rewitalizacj\u0105 zalewu Zimna Woda, sytuacj\u0105 szpitala powiatowego, rozwojem lokalnego PKS i planami zmian stawek za odbi\u00f3r odpad\u00f3w na terenie miasta.<\/p>\n","protected":false},"excerpt":{"rendered":"<p>Tytu\u0142: Dariusz Szustek: Przysz\u0142e stawki za \u015bmieci \u2013 zaskakuj\u0105ce Autor: Marcin Jab\u0142kowski Nazwa audycji: O tym si\u0119 m\u00f3wi Data emisji: 10-05-2019 Starosta \u0141ukowski Dariusz Szustek w rozmowie z Radiem Podlasie odpowiada\u0142 na pytania zwi\u0105zane&#46;&#46;&#46;<\/p>\n","protected":false},"author":2,"featured_media":0,"comment_status":"open","ping_status":"open","sticky":false,"template":"","format":"standard","meta":{"om_disable_all_campaigns":false,"_monsterinsights_skip_tracking":false,"_monsterinsights_sitenote_active":false,"_monsterinsights_sitenote_note":"","_monsterinsights_sitenote_category":0,"footnotes":""},"categories":[332],"tags":[481,202,6],"class_list":["post-3824","post","type-post","status-publish","format-standard","hentry","category-o-tym-sie-mowi","tag-dariusz-szustek","tag-marcin-jablkowski","tag-o-tym-sie-mowi"],"aioseo_notices":[],"_links":{"self":[{"href":"http:\/\/archiwum.radiopodlasie.pl\/NEW\/wp-json\/wp\/v2\/posts\/3824","targetHints":{"allow":["GET"]}}],"collection":[{"href":"http:\/\/archiwum.radiopodlasie.pl\/NEW\/wp-json\/wp\/v2\/posts"}],"about":[{"href":"http:\/\/archiwum.radiopodlasie.pl\/NEW\/wp-json\/wp\/v2\/types\/post"}],"author":[{"embeddable":true,"href":"http:\/\/archiwum.radiopodlasie.pl\/NEW\/wp-json\/wp\/v2\/users\/2"}],"replies":[{"embeddable":true,"href":"http:\/\/archiwum.radiopodlasie.pl\/NEW\/wp-json\/wp\/v2\/comments?post=3824"}],"version-history":[{"count":2,"href":"http:\/\/archiwum.radiopodlasie.pl\/NEW\/wp-json\/wp\/v2\/posts\/3824\/revisions"}],"predecessor-version":[{"id":3826,"href":"http:\/\/archiwum.radiopodlasie.pl\/NEW\/wp-json\/wp\/v2\/posts\/3824\/revisions\/3826"}],"wp:attachment":[{"href":"http:\/\/archiwum.radiopodlasie.pl\/NEW\/wp-json\/wp\/v2\/media?parent=3824"}],"wp:term":[{"taxonomy":"category","embeddable":true,"href":"http:\/\/archiwum.radiopodlasie.pl\/NEW\/wp-json\/wp\/v2\/categories?post=3824"},{"taxonomy":"post_tag","embeddable":true,"href":"http:\/\/archiwum.radiopodlasie.pl\/NEW\/wp-json\/wp\/v2\/tags?post=3824"}],"curies":[{"name":"wp","href":"https:\/\/api.w.org\/{rel}","templated":true}]}}