{"id":3941,"date":"2019-04-02T12:47:37","date_gmt":"2019-04-02T10:47:37","guid":{"rendered":"http:\/\/archiwum.radiopodlasie.pl\/NEW\/?p=3941"},"modified":"2019-05-29T12:53:02","modified_gmt":"2019-05-29T10:53:02","slug":"wyjscie-wielkiej-brytanii-ze-struktur-unii-europejskiej-rozmowa-z-dr-beata-galek-prodziekanem-wydzialu-humanistycznego-w-siedlcach","status":"publish","type":"post","link":"http:\/\/archiwum.radiopodlasie.pl\/NEW\/2019\/04\/02\/wyjscie-wielkiej-brytanii-ze-struktur-unii-europejskiej-rozmowa-z-dr-beata-galek-prodziekanem-wydzialu-humanistycznego-w-siedlcach\/","title":{"rendered":"Wyj\u015bcie Wielkiej Brytanii ze struktur Unii Europejskiej. Rozmowa z dr Beat\u0105 Ga\u0142ek &#8211; prodziekanem Wydzia\u0142u Humanistycznego w Siedlcach"},"content":{"rendered":"<p>Tytu\u0142:<strong><em><span style=\"color: #008000;\"> Wyj\u015bcie Wielkiej Brytanii ze struktur Unii Europejskiej. Rozmowa z dr Beat\u0105 Ga\u0142ek &#8211; prodziekanem Wydzia\u0142u Humanistycznego w Siedlcach<\/span><\/em><\/strong><br \/>\nAutor:<strong>Andrzej Materski<\/strong><br \/>\nNazwa audycji: <strong><span style=\"color: #339966;\">O tym si\u0119 m\u00f3wi <\/span><\/strong><br \/>\nData emisji: 02-04-2019<\/p>\n","protected":false},"excerpt":{"rendered":"<p>Tytu\u0142: Wyj\u015bcie Wielkiej Brytanii ze struktur Unii Europejskiej. Rozmowa z dr Beat\u0105 Ga\u0142ek &#8211; prodziekanem Wydzia\u0142u Humanistycznego w Siedlcach Autor:Andrzej Materski Nazwa audycji: O tym si\u0119 m\u00f3wi Data emisji: 02-04-2019<\/p>\n","protected":false},"author":2,"featured_media":0,"comment_status":"open","ping_status":"open","sticky":false,"template":"","format":"standard","meta":{"om_disable_all_campaigns":false,"_monsterinsights_skip_tracking":false,"_monsterinsights_sitenote_active":false,"_monsterinsights_sitenote_note":"","_monsterinsights_sitenote_category":0,"footnotes":""},"categories":[332],"tags":[11,1894,6],"class_list":["post-3941","post","type-post","status-publish","format-standard","hentry","category-o-tym-sie-mowi","tag-andrzej-materski","tag-beata-galek","tag-o-tym-sie-mowi"],"aioseo_notices":[],"_links":{"self":[{"href":"http:\/\/archiwum.radiopodlasie.pl\/NEW\/wp-json\/wp\/v2\/posts\/3941","targetHints":{"allow":["GET"]}}],"collection":[{"href":"http:\/\/archiwum.radiopodlasie.pl\/NEW\/wp-json\/wp\/v2\/posts"}],"about":[{"href":"http:\/\/archiwum.radiopodlasie.pl\/NEW\/wp-json\/wp\/v2\/types\/post"}],"author":[{"embeddable":true,"href":"http:\/\/archiwum.radiopodlasie.pl\/NEW\/wp-json\/wp\/v2\/users\/2"}],"replies":[{"embeddable":true,"href":"http:\/\/archiwum.radiopodlasie.pl\/NEW\/wp-json\/wp\/v2\/comments?post=3941"}],"version-history":[{"count":3,"href":"http:\/\/archiwum.radiopodlasie.pl\/NEW\/wp-json\/wp\/v2\/posts\/3941\/revisions"}],"predecessor-version":[{"id":3944,"href":"http:\/\/archiwum.radiopodlasie.pl\/NEW\/wp-json\/wp\/v2\/posts\/3941\/revisions\/3944"}],"wp:attachment":[{"href":"http:\/\/archiwum.radiopodlasie.pl\/NEW\/wp-json\/wp\/v2\/media?parent=3941"}],"wp:term":[{"taxonomy":"category","embeddable":true,"href":"http:\/\/archiwum.radiopodlasie.pl\/NEW\/wp-json\/wp\/v2\/categories?post=3941"},{"taxonomy":"post_tag","embeddable":true,"href":"http:\/\/archiwum.radiopodlasie.pl\/NEW\/wp-json\/wp\/v2\/tags?post=3941"}],"curies":[{"name":"wp","href":"https:\/\/api.w.org\/{rel}","templated":true}]}}