{"id":4016,"date":"2019-05-30T13:25:37","date_gmt":"2019-05-30T11:25:37","guid":{"rendered":"http:\/\/archiwum.radiopodlasie.pl\/NEW\/?p=4016"},"modified":"2019-06-07T13:27:16","modified_gmt":"2019-06-07T11:27:16","slug":"audycja-trzezwiejacych-alkoholikow-z-30-maja","status":"publish","type":"post","link":"http:\/\/archiwum.radiopodlasie.pl\/NEW\/2019\/05\/30\/audycja-trzezwiejacych-alkoholikow-z-30-maja\/","title":{"rendered":"Audycja trze\u017awiej\u0105cych alkoholik\u00f3w z 30 maja"},"content":{"rendered":"<p>Tytu\u0142:<strong><em><span style=\"color: #008000;\">Audycja trze\u017awiej\u0105cych alkoholik\u00f3w z 30 maja<\/span><\/em><\/strong><br \/>\nAutor:<strong>Lech Zakrzewski <\/strong><br \/>\nNazwa audycji: <strong><span style=\"color: #339966;\">Bo\u017ce, u\u017cycz nam pogody ducha<\/span><\/strong><br \/>\nData emisji: 30-05-2019<\/p>\n","protected":false},"excerpt":{"rendered":"<p>Tytu\u0142:Audycja trze\u017awiej\u0105cych alkoholik\u00f3w z 30 maja Autor:Lech Zakrzewski Nazwa audycji: Bo\u017ce, u\u017cycz nam pogody ducha Data emisji: 30-05-2019<\/p>\n","protected":false},"author":2,"featured_media":0,"comment_status":"open","ping_status":"open","sticky":false,"template":"","format":"standard","meta":{"om_disable_all_campaigns":false,"_monsterinsights_skip_tracking":false,"_monsterinsights_sitenote_active":false,"_monsterinsights_sitenote_note":"","_monsterinsights_sitenote_category":0,"footnotes":""},"categories":[329],"tags":[53,54],"class_list":["post-4016","post","type-post","status-publish","format-standard","hentry","category-boze-uzycz-nam-pogody-ducha-czyli-audycja-trzezwiejacych-alkoholikow","tag-audycja-trzezwiejacych-alkoholikow","tag-lech-zakrzewski"],"aioseo_notices":[],"_links":{"self":[{"href":"http:\/\/archiwum.radiopodlasie.pl\/NEW\/wp-json\/wp\/v2\/posts\/4016","targetHints":{"allow":["GET"]}}],"collection":[{"href":"http:\/\/archiwum.radiopodlasie.pl\/NEW\/wp-json\/wp\/v2\/posts"}],"about":[{"href":"http:\/\/archiwum.radiopodlasie.pl\/NEW\/wp-json\/wp\/v2\/types\/post"}],"author":[{"embeddable":true,"href":"http:\/\/archiwum.radiopodlasie.pl\/NEW\/wp-json\/wp\/v2\/users\/2"}],"replies":[{"embeddable":true,"href":"http:\/\/archiwum.radiopodlasie.pl\/NEW\/wp-json\/wp\/v2\/comments?post=4016"}],"version-history":[{"count":1,"href":"http:\/\/archiwum.radiopodlasie.pl\/NEW\/wp-json\/wp\/v2\/posts\/4016\/revisions"}],"predecessor-version":[{"id":4017,"href":"http:\/\/archiwum.radiopodlasie.pl\/NEW\/wp-json\/wp\/v2\/posts\/4016\/revisions\/4017"}],"wp:attachment":[{"href":"http:\/\/archiwum.radiopodlasie.pl\/NEW\/wp-json\/wp\/v2\/media?parent=4016"}],"wp:term":[{"taxonomy":"category","embeddable":true,"href":"http:\/\/archiwum.radiopodlasie.pl\/NEW\/wp-json\/wp\/v2\/categories?post=4016"},{"taxonomy":"post_tag","embeddable":true,"href":"http:\/\/archiwum.radiopodlasie.pl\/NEW\/wp-json\/wp\/v2\/tags?post=4016"}],"curies":[{"name":"wp","href":"https:\/\/api.w.org\/{rel}","templated":true}]}}