{"id":5305,"date":"2019-10-07T13:41:13","date_gmt":"2019-10-07T11:41:13","guid":{"rendered":"http:\/\/archiwum.radiopodlasie.pl\/NEW\/?p=5305"},"modified":"2020-01-31T14:21:46","modified_gmt":"2020-01-31T13:21:46","slug":"toksyczne-zwiazki","status":"publish","type":"post","link":"http:\/\/archiwum.radiopodlasie.pl\/NEW\/2019\/10\/07\/toksyczne-zwiazki\/","title":{"rendered":"Toksyczne zwi\u0105zki"},"content":{"rendered":"<p>Tytu\u0142:<strong><em><span style=\"color: #008000;\"> Toksyczne zwi\u0105zki<\/span><\/em><\/strong><br \/>\nAutor:<strong>Anna Kaszczyc<\/strong><br \/>\nNazwa audycji: <strong><span style=\"color: #339966;\">\u015awiat ludzkich uczu\u0107<\/span><\/strong><br \/>\nData emisji: 07-10-2019<\/p>\n","protected":false},"excerpt":{"rendered":"<p>Tytu\u0142: Toksyczne zwi\u0105zki Autor:Anna Kaszczyc Nazwa audycji: \u015awiat ludzkich uczu\u0107 Data emisji: 07-10-2019<\/p>\n","protected":false},"author":2,"featured_media":5963,"comment_status":"open","ping_status":"open","sticky":false,"template":"","format":"audio","meta":{"om_disable_all_campaigns":false,"_monsterinsights_skip_tracking":false,"_monsterinsights_sitenote_active":false,"_monsterinsights_sitenote_note":"","_monsterinsights_sitenote_category":0,"footnotes":""},"categories":[326],"tags":[2297,2298],"class_list":["post-5305","post","type-post","status-publish","format-audio","has-post-thumbnail","hentry","category-swiat-ludzkich-uczuc","tag-swiat-anna-kaszczyc","tag-toksyczne-zwiazki","post_format-post-format-audio"],"aioseo_notices":[],"_links":{"self":[{"href":"http:\/\/archiwum.radiopodlasie.pl\/NEW\/wp-json\/wp\/v2\/posts\/5305","targetHints":{"allow":["GET"]}}],"collection":[{"href":"http:\/\/archiwum.radiopodlasie.pl\/NEW\/wp-json\/wp\/v2\/posts"}],"about":[{"href":"http:\/\/archiwum.radiopodlasie.pl\/NEW\/wp-json\/wp\/v2\/types\/post"}],"author":[{"embeddable":true,"href":"http:\/\/archiwum.radiopodlasie.pl\/NEW\/wp-json\/wp\/v2\/users\/2"}],"replies":[{"embeddable":true,"href":"http:\/\/archiwum.radiopodlasie.pl\/NEW\/wp-json\/wp\/v2\/comments?post=5305"}],"version-history":[{"count":2,"href":"http:\/\/archiwum.radiopodlasie.pl\/NEW\/wp-json\/wp\/v2\/posts\/5305\/revisions"}],"predecessor-version":[{"id":5307,"href":"http:\/\/archiwum.radiopodlasie.pl\/NEW\/wp-json\/wp\/v2\/posts\/5305\/revisions\/5307"}],"wp:featuredmedia":[{"embeddable":true,"href":"http:\/\/archiwum.radiopodlasie.pl\/NEW\/wp-json\/wp\/v2\/media\/5963"}],"wp:attachment":[{"href":"http:\/\/archiwum.radiopodlasie.pl\/NEW\/wp-json\/wp\/v2\/media?parent=5305"}],"wp:term":[{"taxonomy":"category","embeddable":true,"href":"http:\/\/archiwum.radiopodlasie.pl\/NEW\/wp-json\/wp\/v2\/categories?post=5305"},{"taxonomy":"post_tag","embeddable":true,"href":"http:\/\/archiwum.radiopodlasie.pl\/NEW\/wp-json\/wp\/v2\/tags?post=5305"}],"curies":[{"name":"wp","href":"https:\/\/api.w.org\/{rel}","templated":true}]}}