{"id":5596,"date":"2019-11-21T13:29:22","date_gmt":"2019-11-21T12:29:22","guid":{"rendered":"http:\/\/archiwum.radiopodlasie.pl\/NEW\/?p=5596"},"modified":"2019-11-25T13:37:49","modified_gmt":"2019-11-25T12:37:49","slug":"daniel-milewski-bardzo-dobre-expose-premiera-morawieckiego","status":"publish","type":"post","link":"http:\/\/archiwum.radiopodlasie.pl\/NEW\/2019\/11\/21\/daniel-milewski-bardzo-dobre-expose-premiera-morawieckiego\/","title":{"rendered":"Daniel Milewski: Bardzo dobre expose Premiera Morawieckiego"},"content":{"rendered":"<p>Tytu\u0142:<strong><em><span style=\"color: #008000;\"> Daniel Milewski: Bardzo dobre expose Premiera Morawieckiego<\/span><\/em><\/strong><br \/>\nAutor:<strong>Marcin Jab\u0142kowski <\/strong><br \/>\nNazwa audycji: <strong><span style=\"color: #339966;\">O tym si\u0119 m\u00f3wi<\/span><\/strong><br \/>\nData emisji: 21-11-2019<\/p>\n<p>Pose\u0142 PiS Daniel Milewski w rozmowie z Radiem Podlasie pochwali\u0142 expose wyg\u0142oszone we wtorek w Parlamencie przez Premiera Mateusza Morawieckiego. Jak powiedzia\u0142, wa\u017cne jest, \u017ce Prezes Rady Ministr\u00f3w tak du\u017cy nacisk po\u0142o\u017cy\u0142 na podstawowe warto\u015bci \u2013 jak rodzina.<\/p>\n","protected":false},"excerpt":{"rendered":"<p>Tytu\u0142: Daniel Milewski: Bardzo dobre expose Premiera Morawieckiego Autor:Marcin Jab\u0142kowski Nazwa audycji: O tym si\u0119 m\u00f3wi Data emisji: 21-11-2019 Pose\u0142 PiS Daniel Milewski w rozmowie z Radiem Podlasie pochwali\u0142 expose wyg\u0142oszone we wtorek w&#46;&#46;&#46;<\/p>\n","protected":false},"author":2,"featured_media":0,"comment_status":"open","ping_status":"open","sticky":false,"template":"","format":"standard","meta":{"om_disable_all_campaigns":false,"_monsterinsights_skip_tracking":false,"_monsterinsights_sitenote_active":false,"_monsterinsights_sitenote_note":"","_monsterinsights_sitenote_category":0,"footnotes":""},"categories":[332],"tags":[1659,202,6],"class_list":["post-5596","post","type-post","status-publish","format-standard","hentry","category-o-tym-sie-mowi","tag-daniel-milewski","tag-marcin-jablkowski","tag-o-tym-sie-mowi"],"aioseo_notices":[],"_links":{"self":[{"href":"http:\/\/archiwum.radiopodlasie.pl\/NEW\/wp-json\/wp\/v2\/posts\/5596","targetHints":{"allow":["GET"]}}],"collection":[{"href":"http:\/\/archiwum.radiopodlasie.pl\/NEW\/wp-json\/wp\/v2\/posts"}],"about":[{"href":"http:\/\/archiwum.radiopodlasie.pl\/NEW\/wp-json\/wp\/v2\/types\/post"}],"author":[{"embeddable":true,"href":"http:\/\/archiwum.radiopodlasie.pl\/NEW\/wp-json\/wp\/v2\/users\/2"}],"replies":[{"embeddable":true,"href":"http:\/\/archiwum.radiopodlasie.pl\/NEW\/wp-json\/wp\/v2\/comments?post=5596"}],"version-history":[{"count":1,"href":"http:\/\/archiwum.radiopodlasie.pl\/NEW\/wp-json\/wp\/v2\/posts\/5596\/revisions"}],"predecessor-version":[{"id":5597,"href":"http:\/\/archiwum.radiopodlasie.pl\/NEW\/wp-json\/wp\/v2\/posts\/5596\/revisions\/5597"}],"wp:attachment":[{"href":"http:\/\/archiwum.radiopodlasie.pl\/NEW\/wp-json\/wp\/v2\/media?parent=5596"}],"wp:term":[{"taxonomy":"category","embeddable":true,"href":"http:\/\/archiwum.radiopodlasie.pl\/NEW\/wp-json\/wp\/v2\/categories?post=5596"},{"taxonomy":"post_tag","embeddable":true,"href":"http:\/\/archiwum.radiopodlasie.pl\/NEW\/wp-json\/wp\/v2\/tags?post=5596"}],"curies":[{"name":"wp","href":"https:\/\/api.w.org\/{rel}","templated":true}]}}