{"id":6061,"date":"2020-01-02T12:31:53","date_gmt":"2020-01-02T11:31:53","guid":{"rendered":"http:\/\/archiwum.radiopodlasie.pl\/NEW\/?p=6061"},"modified":"2020-01-03T13:55:36","modified_gmt":"2020-01-03T12:55:36","slug":"kacper-boruta-liczy-na-panstwa-pomoc","status":"publish","type":"post","link":"http:\/\/archiwum.radiopodlasie.pl\/NEW\/2020\/01\/02\/kacper-boruta-liczy-na-panstwa-pomoc\/","title":{"rendered":"Kacper Boruta liczy na Pa\u0144stwa pomoc"},"content":{"rendered":"<p>Tytu\u0142:<strong>Kacper Boruta liczy na Pa\u0144stwa pomoc<\/strong><\/p>\n<p>Autor:<strong>Marcin Jab\u0142kowski <\/strong><br \/>\nNazwa audycji: <strong><span style=\"color: #339966;\">O tym si\u0119 m\u00f3wi<\/span><\/strong><br \/>\nData emisji: 02-01-2020<\/p>\n<p>Rodzice Kacpra \u2013 Iga i Pawe\u0142 Borutowie, a tak\u017ce sam ma\u0142y bohater, byli noworocznymi go\u015b\u0107mi Marcina Jab\u0142kowskiego w audycji O Tym Si\u0119 M\u00f3wi. Nasi rozm\u00f3wcy m\u00f3wili o walce o zdrowie i \u017cycie swojego Synka, a tak\u017ce zaanga\u017cowaniu wielu dobrych ludzi, kt\u00f3ry pomagaj\u0105 jak mog\u0105.<\/p>\n","protected":false},"excerpt":{"rendered":"<p>Tytu\u0142:Kacper Boruta liczy na Pa\u0144stwa pomoc Autor:Marcin Jab\u0142kowski Nazwa audycji: O tym si\u0119 m\u00f3wi Data emisji: 02-01-2020 Rodzice Kacpra \u2013 Iga i Pawe\u0142 Borutowie, a tak\u017ce sam ma\u0142y bohater, byli noworocznymi go\u015b\u0107mi Marcina Jab\u0142kowskiego&#46;&#46;&#46;<\/p>\n","protected":false},"author":2,"featured_media":5961,"comment_status":"open","ping_status":"open","sticky":false,"template":"","format":"audio","meta":{"om_disable_all_campaigns":false,"_monsterinsights_skip_tracking":false,"_monsterinsights_sitenote_active":false,"_monsterinsights_sitenote_note":"","_monsterinsights_sitenote_category":0,"footnotes":""},"categories":[332],"tags":[2424,202,6],"class_list":["post-6061","post","type-post","status-publish","format-audio","has-post-thumbnail","hentry","category-o-tym-sie-mowi","tag-kacper-boruta","tag-marcin-jablkowski","tag-o-tym-sie-mowi","post_format-post-format-audio"],"aioseo_notices":[],"_links":{"self":[{"href":"http:\/\/archiwum.radiopodlasie.pl\/NEW\/wp-json\/wp\/v2\/posts\/6061","targetHints":{"allow":["GET"]}}],"collection":[{"href":"http:\/\/archiwum.radiopodlasie.pl\/NEW\/wp-json\/wp\/v2\/posts"}],"about":[{"href":"http:\/\/archiwum.radiopodlasie.pl\/NEW\/wp-json\/wp\/v2\/types\/post"}],"author":[{"embeddable":true,"href":"http:\/\/archiwum.radiopodlasie.pl\/NEW\/wp-json\/wp\/v2\/users\/2"}],"replies":[{"embeddable":true,"href":"http:\/\/archiwum.radiopodlasie.pl\/NEW\/wp-json\/wp\/v2\/comments?post=6061"}],"version-history":[{"count":1,"href":"http:\/\/archiwum.radiopodlasie.pl\/NEW\/wp-json\/wp\/v2\/posts\/6061\/revisions"}],"predecessor-version":[{"id":6062,"href":"http:\/\/archiwum.radiopodlasie.pl\/NEW\/wp-json\/wp\/v2\/posts\/6061\/revisions\/6062"}],"wp:featuredmedia":[{"embeddable":true,"href":"http:\/\/archiwum.radiopodlasie.pl\/NEW\/wp-json\/wp\/v2\/media\/5961"}],"wp:attachment":[{"href":"http:\/\/archiwum.radiopodlasie.pl\/NEW\/wp-json\/wp\/v2\/media?parent=6061"}],"wp:term":[{"taxonomy":"category","embeddable":true,"href":"http:\/\/archiwum.radiopodlasie.pl\/NEW\/wp-json\/wp\/v2\/categories?post=6061"},{"taxonomy":"post_tag","embeddable":true,"href":"http:\/\/archiwum.radiopodlasie.pl\/NEW\/wp-json\/wp\/v2\/tags?post=6061"}],"curies":[{"name":"wp","href":"https:\/\/api.w.org\/{rel}","templated":true}]}}