{"id":614,"date":"2018-04-02T23:13:20","date_gmt":"2018-04-02T21:13:20","guid":{"rendered":"http:\/\/archiwum.radiopodlasie.pl\/NEW\/?p=614"},"modified":"2020-02-03T14:23:24","modified_gmt":"2020-02-03T13:23:24","slug":"jak-dzisiaj-patrzymy-na-swiadkow-zmartwychwstania-jezusa","status":"publish","type":"post","link":"http:\/\/archiwum.radiopodlasie.pl\/NEW\/2018\/04\/02\/jak-dzisiaj-patrzymy-na-swiadkow-zmartwychwstania-jezusa\/","title":{"rendered":"Jak dzisiaj patrzymy na \u015bwiadk\u00f3w Zmartwychwstania Jezusa"},"content":{"rendered":"<p>Tytu\u0142: <strong><em><span style=\"color: #008000;\"> Jak dzisiaj patrzymy na \u015bwiadk\u00f3w Zmartwychwstania Jezusa <\/span><\/em><\/strong><br \/>\nAutor:<strong> Anna Kaszczyc<\/strong><br \/>\nNazwa audycji: <strong><span style=\"color: #339966;\"> \u015awiat ludzkich uczu\u0107 <\/span><\/strong><br \/>\nData emisji: 02-04-2018<\/p>\n","protected":false},"excerpt":{"rendered":"<p>Tytu\u0142: Jak dzisiaj patrzymy na \u015bwiadk\u00f3w Zmartwychwstania Jezusa Autor: Anna Kaszczyc Nazwa audycji: \u015awiat ludzkich uczu\u0107 Data emisji: 02-04-2018<\/p>\n","protected":false},"author":2,"featured_media":5963,"comment_status":"open","ping_status":"open","sticky":false,"template":"","format":"audio","meta":{"om_disable_all_campaigns":false,"_monsterinsights_skip_tracking":false,"_monsterinsights_sitenote_active":false,"_monsterinsights_sitenote_note":"","_monsterinsights_sitenote_category":0,"footnotes":""},"categories":[326],"tags":[24,28,555],"class_list":["post-614","post","type-post","status-publish","format-audio","has-post-thumbnail","hentry","category-swiat-ludzkich-uczuc","tag-anna-kaszczyc","tag-swiat-ludzkich-uczuc","tag-zmartwychwstanie-jezusa","post_format-post-format-audio"],"aioseo_notices":[],"_links":{"self":[{"href":"http:\/\/archiwum.radiopodlasie.pl\/NEW\/wp-json\/wp\/v2\/posts\/614","targetHints":{"allow":["GET"]}}],"collection":[{"href":"http:\/\/archiwum.radiopodlasie.pl\/NEW\/wp-json\/wp\/v2\/posts"}],"about":[{"href":"http:\/\/archiwum.radiopodlasie.pl\/NEW\/wp-json\/wp\/v2\/types\/post"}],"author":[{"embeddable":true,"href":"http:\/\/archiwum.radiopodlasie.pl\/NEW\/wp-json\/wp\/v2\/users\/2"}],"replies":[{"embeddable":true,"href":"http:\/\/archiwum.radiopodlasie.pl\/NEW\/wp-json\/wp\/v2\/comments?post=614"}],"version-history":[{"count":1,"href":"http:\/\/archiwum.radiopodlasie.pl\/NEW\/wp-json\/wp\/v2\/posts\/614\/revisions"}],"predecessor-version":[{"id":6753,"href":"http:\/\/archiwum.radiopodlasie.pl\/NEW\/wp-json\/wp\/v2\/posts\/614\/revisions\/6753"}],"wp:featuredmedia":[{"embeddable":true,"href":"http:\/\/archiwum.radiopodlasie.pl\/NEW\/wp-json\/wp\/v2\/media\/5963"}],"wp:attachment":[{"href":"http:\/\/archiwum.radiopodlasie.pl\/NEW\/wp-json\/wp\/v2\/media?parent=614"}],"wp:term":[{"taxonomy":"category","embeddable":true,"href":"http:\/\/archiwum.radiopodlasie.pl\/NEW\/wp-json\/wp\/v2\/categories?post=614"},{"taxonomy":"post_tag","embeddable":true,"href":"http:\/\/archiwum.radiopodlasie.pl\/NEW\/wp-json\/wp\/v2\/tags?post=614"}],"curies":[{"name":"wp","href":"https:\/\/api.w.org\/{rel}","templated":true}]}}