{"id":6290,"date":"2020-01-09T12:57:13","date_gmt":"2020-01-09T11:57:13","guid":{"rendered":"http:\/\/archiwum.radiopodlasie.pl\/NEW\/?p=6290"},"modified":"2020-01-09T12:59:13","modified_gmt":"2020-01-09T11:59:13","slug":"maria-koc-marszalek-senatu-jezdzi-po-instrukcje-jak-w-poprzednim-systemie","status":"publish","type":"post","link":"http:\/\/archiwum.radiopodlasie.pl\/NEW\/2020\/01\/09\/maria-koc-marszalek-senatu-jezdzi-po-instrukcje-jak-w-poprzednim-systemie\/","title":{"rendered":"Maria Koc: Marsza\u0142ek Senatu je\u017adzi po instrukcje jak w poprzednim systemie"},"content":{"rendered":"<p>Tytu\u0142:<strong>Maria Koc: Marsza\u0142ek Senatu je\u017adzi po instrukcje jak w poprzednim systemie<\/strong><\/p>\n<p>Autor:<strong>Marcin Jab\u0142kowski<\/strong><br \/>Nazwa audycji: <strong><span style=\"color: #339966;\">O tym si\u0119 m\u00f3wi<\/span><\/strong><br \/>Data emisji: 09-01-2020<\/p>\n<p>Senator Maria Koc w rozmowie z Radiem Podlasie skrytykowa\u0142a dzia\u0142ania Marsza\u0142ka Senatu RP Tomasza Grodzkiego, kt\u00f3ry, jej zdaniem, szuka poklasku u zagranicznych elit, zamiast dba\u0107 o niezale\u017cno\u015b\u0107 legislacyjn\u0105 Kraju. Jak powiedzia\u0142a, jest to kolejny dow\u00f3d na to, \u017ce opozycja nie ma Polakom nic do zaproponowania.<\/p>\n\n\n<p><\/p>\n","protected":false},"excerpt":{"rendered":"<p>Tytu\u0142:Maria Koc: Marsza\u0142ek Senatu je\u017adzi po instrukcje jak w poprzednim systemie Autor:Marcin Jab\u0142kowskiNazwa audycji: O tym si\u0119 m\u00f3wiData emisji: 09-01-2020 Senator Maria Koc w rozmowie z Radiem Podlasie skrytykowa\u0142a dzia\u0142ania Marsza\u0142ka Senatu RP Tomasza&#46;&#46;&#46;<\/p>\n","protected":false},"author":2,"featured_media":5961,"comment_status":"open","ping_status":"open","sticky":false,"template":"","format":"audio","meta":{"om_disable_all_campaigns":false,"_monsterinsights_skip_tracking":false,"_monsterinsights_sitenote_active":false,"_monsterinsights_sitenote_note":"","_monsterinsights_sitenote_category":0,"footnotes":""},"categories":[332],"tags":[3,203,6],"class_list":["post-6290","post","type-post","status-publish","format-audio","has-post-thumbnail","hentry","category-o-tym-sie-mowi","tag-jablkowski","tag-maria-koc","tag-o-tym-sie-mowi","post_format-post-format-audio"],"aioseo_notices":[],"_links":{"self":[{"href":"http:\/\/archiwum.radiopodlasie.pl\/NEW\/wp-json\/wp\/v2\/posts\/6290","targetHints":{"allow":["GET"]}}],"collection":[{"href":"http:\/\/archiwum.radiopodlasie.pl\/NEW\/wp-json\/wp\/v2\/posts"}],"about":[{"href":"http:\/\/archiwum.radiopodlasie.pl\/NEW\/wp-json\/wp\/v2\/types\/post"}],"author":[{"embeddable":true,"href":"http:\/\/archiwum.radiopodlasie.pl\/NEW\/wp-json\/wp\/v2\/users\/2"}],"replies":[{"embeddable":true,"href":"http:\/\/archiwum.radiopodlasie.pl\/NEW\/wp-json\/wp\/v2\/comments?post=6290"}],"version-history":[{"count":2,"href":"http:\/\/archiwum.radiopodlasie.pl\/NEW\/wp-json\/wp\/v2\/posts\/6290\/revisions"}],"predecessor-version":[{"id":6292,"href":"http:\/\/archiwum.radiopodlasie.pl\/NEW\/wp-json\/wp\/v2\/posts\/6290\/revisions\/6292"}],"wp:featuredmedia":[{"embeddable":true,"href":"http:\/\/archiwum.radiopodlasie.pl\/NEW\/wp-json\/wp\/v2\/media\/5961"}],"wp:attachment":[{"href":"http:\/\/archiwum.radiopodlasie.pl\/NEW\/wp-json\/wp\/v2\/media?parent=6290"}],"wp:term":[{"taxonomy":"category","embeddable":true,"href":"http:\/\/archiwum.radiopodlasie.pl\/NEW\/wp-json\/wp\/v2\/categories?post=6290"},{"taxonomy":"post_tag","embeddable":true,"href":"http:\/\/archiwum.radiopodlasie.pl\/NEW\/wp-json\/wp\/v2\/tags?post=6290"}],"curies":[{"name":"wp","href":"https:\/\/api.w.org\/{rel}","templated":true}]}}