{"id":6473,"date":"2020-01-11T12:12:00","date_gmt":"2020-01-11T11:12:00","guid":{"rendered":"http:\/\/archiwum.radiopodlasie.pl\/NEW\/?p=6473"},"modified":"2020-01-13T20:28:21","modified_gmt":"2020-01-13T19:28:21","slug":"magdalena-gorzkowska-o-projekcie-zdobywania-korony-himalajow-i-karakorum","status":"publish","type":"post","link":"http:\/\/archiwum.radiopodlasie.pl\/NEW\/2020\/01\/11\/magdalena-gorzkowska-o-projekcie-zdobywania-korony-himalajow-i-karakorum\/","title":{"rendered":"Magdalena Gorzkowska o projekcie zdobywania Korony Himalaj\u00f3w i Karakorum"},"content":{"rendered":"<p>Tytu\u0142: Magdalena Gorzkowska o projekcie zdobywania Korony Himalaj\u00f3w i Karakorum<\/p>\n<p>Autor:<strong>Agnieszka Osm\u00f3lska &#8211; Ilczuk<\/strong><br \/>\nNazwa audycji: <strong><span style=\"color: #339966;\">Wywiady<\/span><\/strong><br \/>\nData emisji: 11-01-2020<\/p>\n","protected":false},"excerpt":{"rendered":"<p>Tytu\u0142: Magdalena Gorzkowska o projekcie zdobywania Korony Himalaj\u00f3w i Karakorum Autor:Agnieszka Osm\u00f3lska &#8211; Ilczuk Nazwa audycji: Wywiady Data emisji: 11-01-2020<\/p>\n","protected":false},"author":2,"featured_media":6109,"comment_status":"open","ping_status":"open","sticky":false,"template":"","format":"audio","meta":{"om_disable_all_campaigns":false,"_monsterinsights_skip_tracking":false,"_monsterinsights_sitenote_active":false,"_monsterinsights_sitenote_note":"","_monsterinsights_sitenote_category":0,"footnotes":""},"categories":[361],"tags":[204,2437,391],"class_list":["post-6473","post","type-post","status-publish","format-audio","has-post-thumbnail","hentry","category-agnieszka-osmolska-ilczuk","tag-agnieszka-osmolska-ilczuk","tag-gorzkowska","tag-wywiady","post_format-post-format-audio"],"aioseo_notices":[],"_links":{"self":[{"href":"http:\/\/archiwum.radiopodlasie.pl\/NEW\/wp-json\/wp\/v2\/posts\/6473","targetHints":{"allow":["GET"]}}],"collection":[{"href":"http:\/\/archiwum.radiopodlasie.pl\/NEW\/wp-json\/wp\/v2\/posts"}],"about":[{"href":"http:\/\/archiwum.radiopodlasie.pl\/NEW\/wp-json\/wp\/v2\/types\/post"}],"author":[{"embeddable":true,"href":"http:\/\/archiwum.radiopodlasie.pl\/NEW\/wp-json\/wp\/v2\/users\/2"}],"replies":[{"embeddable":true,"href":"http:\/\/archiwum.radiopodlasie.pl\/NEW\/wp-json\/wp\/v2\/comments?post=6473"}],"version-history":[{"count":1,"href":"http:\/\/archiwum.radiopodlasie.pl\/NEW\/wp-json\/wp\/v2\/posts\/6473\/revisions"}],"predecessor-version":[{"id":6474,"href":"http:\/\/archiwum.radiopodlasie.pl\/NEW\/wp-json\/wp\/v2\/posts\/6473\/revisions\/6474"}],"wp:featuredmedia":[{"embeddable":true,"href":"http:\/\/archiwum.radiopodlasie.pl\/NEW\/wp-json\/wp\/v2\/media\/6109"}],"wp:attachment":[{"href":"http:\/\/archiwum.radiopodlasie.pl\/NEW\/wp-json\/wp\/v2\/media?parent=6473"}],"wp:term":[{"taxonomy":"category","embeddable":true,"href":"http:\/\/archiwum.radiopodlasie.pl\/NEW\/wp-json\/wp\/v2\/categories?post=6473"},{"taxonomy":"post_tag","embeddable":true,"href":"http:\/\/archiwum.radiopodlasie.pl\/NEW\/wp-json\/wp\/v2\/tags?post=6473"}],"curies":[{"name":"wp","href":"https:\/\/api.w.org\/{rel}","templated":true}]}}