{"id":7091,"date":"2020-02-12T18:36:00","date_gmt":"2020-02-12T17:36:00","guid":{"rendered":"http:\/\/archiwum.radiopodlasie.pl\/NEW\/?p=7091"},"modified":"2020-02-13T18:38:22","modified_gmt":"2020-02-13T17:38:22","slug":"o-uzaleznieniach","status":"publish","type":"post","link":"http:\/\/archiwum.radiopodlasie.pl\/NEW\/2020\/02\/12\/o-uzaleznieniach\/","title":{"rendered":"O uzale\u017cnieniach"},"content":{"rendered":"<p>Tytu\u0142: O uzale\u017cnieniach<br \/>\nAutor:ks. Jacek Sereda<br \/>\nNazwa audycji: <strong><span style=\"color: #339966;\">Czarno na bia\u0142ym<\/span><\/strong><br \/>\nData emisji: 12-02-2020<\/p>\n","protected":false},"excerpt":{"rendered":"<p>Tytu\u0142: O uzale\u017cnieniach Autor:ks. Jacek Sereda Nazwa audycji: Czarno na bia\u0142ym Data emisji: 12-02-2020<\/p>\n","protected":false},"author":2,"featured_media":6448,"comment_status":"open","ping_status":"open","sticky":false,"template":"","format":"audio","meta":{"om_disable_all_campaigns":false,"_monsterinsights_skip_tracking":false,"_monsterinsights_sitenote_active":false,"_monsterinsights_sitenote_note":"","_monsterinsights_sitenote_category":0,"footnotes":""},"categories":[327],"tags":[],"class_list":["post-7091","post","type-post","status-publish","format-audio","has-post-thumbnail","hentry","category-czarno-na-bialym","post_format-post-format-audio"],"aioseo_notices":[],"_links":{"self":[{"href":"http:\/\/archiwum.radiopodlasie.pl\/NEW\/wp-json\/wp\/v2\/posts\/7091","targetHints":{"allow":["GET"]}}],"collection":[{"href":"http:\/\/archiwum.radiopodlasie.pl\/NEW\/wp-json\/wp\/v2\/posts"}],"about":[{"href":"http:\/\/archiwum.radiopodlasie.pl\/NEW\/wp-json\/wp\/v2\/types\/post"}],"author":[{"embeddable":true,"href":"http:\/\/archiwum.radiopodlasie.pl\/NEW\/wp-json\/wp\/v2\/users\/2"}],"replies":[{"embeddable":true,"href":"http:\/\/archiwum.radiopodlasie.pl\/NEW\/wp-json\/wp\/v2\/comments?post=7091"}],"version-history":[{"count":1,"href":"http:\/\/archiwum.radiopodlasie.pl\/NEW\/wp-json\/wp\/v2\/posts\/7091\/revisions"}],"predecessor-version":[{"id":7092,"href":"http:\/\/archiwum.radiopodlasie.pl\/NEW\/wp-json\/wp\/v2\/posts\/7091\/revisions\/7092"}],"wp:featuredmedia":[{"embeddable":true,"href":"http:\/\/archiwum.radiopodlasie.pl\/NEW\/wp-json\/wp\/v2\/media\/6448"}],"wp:attachment":[{"href":"http:\/\/archiwum.radiopodlasie.pl\/NEW\/wp-json\/wp\/v2\/media?parent=7091"}],"wp:term":[{"taxonomy":"category","embeddable":true,"href":"http:\/\/archiwum.radiopodlasie.pl\/NEW\/wp-json\/wp\/v2\/categories?post=7091"},{"taxonomy":"post_tag","embeddable":true,"href":"http:\/\/archiwum.radiopodlasie.pl\/NEW\/wp-json\/wp\/v2\/tags?post=7091"}],"curies":[{"name":"wp","href":"https:\/\/api.w.org\/{rel}","templated":true}]}}