{"id":7098,"date":"2020-02-17T09:50:12","date_gmt":"2020-02-17T08:50:12","guid":{"rendered":"http:\/\/archiwum.radiopodlasie.pl\/NEW\/?p=7098"},"modified":"2020-02-17T09:50:15","modified_gmt":"2020-02-17T08:50:15","slug":"piotr-pludowski-ciesze-sie-ale-mam-watpliwosci","status":"publish","type":"post","link":"http:\/\/archiwum.radiopodlasie.pl\/NEW\/2020\/02\/17\/piotr-pludowski-ciesze-sie-ale-mam-watpliwosci\/","title":{"rendered":"Piotr P\u0142udowski: Ciesz\u0119 si\u0119, ale mam w\u0105tpliwo\u015bci"},"content":{"rendered":"\n<p><\/p>\n\n\n<p>Tytu\u0142: <strong>Piotr P\u0142udowski: Ciesz\u0119 si\u0119, ale mam w\u0105tpliwo\u015bci<\/strong><\/p>\n<p>Autor:<strong>Marcin Jab\u0142kowski<\/strong><br \/>Nazwa audycji: <strong><span style=\"color: #339966;\">O tym si\u0119 m\u00f3wi<\/span><\/strong><br \/>Data emisji: 17-02-2020<\/p>\n<p>Burmistrz \u0141ukowa Piotr P\u0142udowski w rozmowie z Radiem Podlasie komentowa\u0142 rz\u0105dowe zapowiedzi budowy obwodnic polskich miast. M\u00f3wi\u0142 r\u00f3wnie\u017c o wsp\u00f3\u0142pracy ze starostwem powiatowym i planach uruchomienia komunikacji miejskiej w \u0141ukowie.<\/p>\n<p>\u00a0<\/p>\n<p>\u00a0<\/p>\n\n\n<p><\/p>\n","protected":false},"excerpt":{"rendered":"<p>Tytu\u0142: Piotr P\u0142udowski: Ciesz\u0119 si\u0119, ale mam w\u0105tpliwo\u015bci Autor:Marcin Jab\u0142kowskiNazwa audycji: O tym si\u0119 m\u00f3wiData emisji: 17-02-2020 Burmistrz \u0141ukowa Piotr P\u0142udowski w rozmowie z Radiem Podlasie komentowa\u0142 rz\u0105dowe zapowiedzi budowy obwodnic polskich miast. M\u00f3wi\u0142&#46;&#46;&#46;<\/p>\n","protected":false},"author":2,"featured_media":5961,"comment_status":"open","ping_status":"open","sticky":false,"template":"","format":"audio","meta":{"om_disable_all_campaigns":false,"_monsterinsights_skip_tracking":false,"_monsterinsights_sitenote_active":false,"_monsterinsights_sitenote_note":"","_monsterinsights_sitenote_category":0,"footnotes":""},"categories":[332],"tags":[202,6,1375],"class_list":["post-7098","post","type-post","status-publish","format-audio","has-post-thumbnail","hentry","category-o-tym-sie-mowi","tag-marcin-jablkowski","tag-o-tym-sie-mowi","tag-piotr-pludowski","post_format-post-format-audio"],"aioseo_notices":[],"_links":{"self":[{"href":"http:\/\/archiwum.radiopodlasie.pl\/NEW\/wp-json\/wp\/v2\/posts\/7098","targetHints":{"allow":["GET"]}}],"collection":[{"href":"http:\/\/archiwum.radiopodlasie.pl\/NEW\/wp-json\/wp\/v2\/posts"}],"about":[{"href":"http:\/\/archiwum.radiopodlasie.pl\/NEW\/wp-json\/wp\/v2\/types\/post"}],"author":[{"embeddable":true,"href":"http:\/\/archiwum.radiopodlasie.pl\/NEW\/wp-json\/wp\/v2\/users\/2"}],"replies":[{"embeddable":true,"href":"http:\/\/archiwum.radiopodlasie.pl\/NEW\/wp-json\/wp\/v2\/comments?post=7098"}],"version-history":[{"count":1,"href":"http:\/\/archiwum.radiopodlasie.pl\/NEW\/wp-json\/wp\/v2\/posts\/7098\/revisions"}],"predecessor-version":[{"id":7099,"href":"http:\/\/archiwum.radiopodlasie.pl\/NEW\/wp-json\/wp\/v2\/posts\/7098\/revisions\/7099"}],"wp:featuredmedia":[{"embeddable":true,"href":"http:\/\/archiwum.radiopodlasie.pl\/NEW\/wp-json\/wp\/v2\/media\/5961"}],"wp:attachment":[{"href":"http:\/\/archiwum.radiopodlasie.pl\/NEW\/wp-json\/wp\/v2\/media?parent=7098"}],"wp:term":[{"taxonomy":"category","embeddable":true,"href":"http:\/\/archiwum.radiopodlasie.pl\/NEW\/wp-json\/wp\/v2\/categories?post=7098"},{"taxonomy":"post_tag","embeddable":true,"href":"http:\/\/archiwum.radiopodlasie.pl\/NEW\/wp-json\/wp\/v2\/tags?post=7098"}],"curies":[{"name":"wp","href":"https:\/\/api.w.org\/{rel}","templated":true}]}}