{"id":7163,"date":"2020-02-20T11:40:00","date_gmt":"2020-02-20T10:40:00","guid":{"rendered":"http:\/\/archiwum.radiopodlasie.pl\/NEW\/?p=7163"},"modified":"2020-02-25T11:21:44","modified_gmt":"2020-02-25T10:21:44","slug":"iwona-kurowska-decyzja-o-zmianie-w-lgd-nie-byla-polityczna","status":"publish","type":"post","link":"http:\/\/archiwum.radiopodlasie.pl\/NEW\/2020\/02\/20\/iwona-kurowska-decyzja-o-zmianie-w-lgd-nie-byla-polityczna\/","title":{"rendered":"Iwona Kurowska: Decyzja o zmianie w LGD nie by\u0142a \u201epolityczna\u201d"},"content":{"rendered":"\n<p><\/p>\n\n\n<p>Tytu\u0142: <strong>Iwona Kurowska: Decyzja o zmianie w LGD nie by\u0142a \u201epolityczna\u201d<\/strong><strong><br \/><\/strong><\/p>\n<p>Autor:<strong> Marcin Jab\u0142kowski<\/strong><br \/>Nazwa audycji: <strong><span style=\"color: #339966;\">O tym si\u0119 m\u00f3wi<\/span><\/strong><br \/>Data emisji: 20-02-2020<\/p>\n<p>Wicestarosta garwoli\u0144ska Iwona Kurowska w rozmowie z Radiem Podlasie komentowa\u0142a zast\u0105pienie by\u0142ego starosty Marka Chcia\u0142owskiego w LGD Forum Powiatu Garwoli\u0144skiego. M\u00f3wi\u0142a r\u00f3wnie\u017c o potrzebie likwidacji szko\u0142y w Izdebnie i post\u0119pach prac przy budowie mostu na Wi\u015ble w Maciejowicach.<\/p>\n<p>\u00a0<\/p>\n\n\n<p><\/p>\n","protected":false},"excerpt":{"rendered":"<p>Tytu\u0142: Iwona Kurowska: Decyzja o zmianie w LGD nie by\u0142a \u201epolityczna\u201d Autor: Marcin Jab\u0142kowskiNazwa audycji: O tym si\u0119 m\u00f3wiData emisji: 20-02-2020 Wicestarosta garwoli\u0144ska Iwona Kurowska w rozmowie z Radiem Podlasie komentowa\u0142a zast\u0105pienie by\u0142ego starosty&#46;&#46;&#46;<\/p>\n","protected":false},"author":2,"featured_media":5961,"comment_status":"open","ping_status":"open","sticky":false,"template":"","format":"audio","meta":{"om_disable_all_campaigns":false,"_monsterinsights_skip_tracking":false,"_monsterinsights_sitenote_active":false,"_monsterinsights_sitenote_note":"","_monsterinsights_sitenote_category":0,"footnotes":""},"categories":[332],"tags":[1160,202,6],"class_list":["post-7163","post","type-post","status-publish","format-audio","has-post-thumbnail","hentry","category-o-tym-sie-mowi","tag-iwona-kurowska","tag-marcin-jablkowski","tag-o-tym-sie-mowi","post_format-post-format-audio"],"aioseo_notices":[],"_links":{"self":[{"href":"http:\/\/archiwum.radiopodlasie.pl\/NEW\/wp-json\/wp\/v2\/posts\/7163","targetHints":{"allow":["GET"]}}],"collection":[{"href":"http:\/\/archiwum.radiopodlasie.pl\/NEW\/wp-json\/wp\/v2\/posts"}],"about":[{"href":"http:\/\/archiwum.radiopodlasie.pl\/NEW\/wp-json\/wp\/v2\/types\/post"}],"author":[{"embeddable":true,"href":"http:\/\/archiwum.radiopodlasie.pl\/NEW\/wp-json\/wp\/v2\/users\/2"}],"replies":[{"embeddable":true,"href":"http:\/\/archiwum.radiopodlasie.pl\/NEW\/wp-json\/wp\/v2\/comments?post=7163"}],"version-history":[{"count":2,"href":"http:\/\/archiwum.radiopodlasie.pl\/NEW\/wp-json\/wp\/v2\/posts\/7163\/revisions"}],"predecessor-version":[{"id":7318,"href":"http:\/\/archiwum.radiopodlasie.pl\/NEW\/wp-json\/wp\/v2\/posts\/7163\/revisions\/7318"}],"wp:featuredmedia":[{"embeddable":true,"href":"http:\/\/archiwum.radiopodlasie.pl\/NEW\/wp-json\/wp\/v2\/media\/5961"}],"wp:attachment":[{"href":"http:\/\/archiwum.radiopodlasie.pl\/NEW\/wp-json\/wp\/v2\/media?parent=7163"}],"wp:term":[{"taxonomy":"category","embeddable":true,"href":"http:\/\/archiwum.radiopodlasie.pl\/NEW\/wp-json\/wp\/v2\/categories?post=7163"},{"taxonomy":"post_tag","embeddable":true,"href":"http:\/\/archiwum.radiopodlasie.pl\/NEW\/wp-json\/wp\/v2\/tags?post=7163"}],"curies":[{"name":"wp","href":"https:\/\/api.w.org\/{rel}","templated":true}]}}