{"id":7380,"date":"2020-02-07T13:57:00","date_gmt":"2020-02-07T12:57:00","guid":{"rendered":"http:\/\/archiwum.radiopodlasie.pl\/NEW\/?p=7380"},"modified":"2020-03-02T13:59:34","modified_gmt":"2020-03-02T12:59:34","slug":"orszak-trzech-kroli-w-wodyniach-2","status":"publish","type":"post","link":"http:\/\/archiwum.radiopodlasie.pl\/NEW\/2020\/02\/07\/orszak-trzech-kroli-w-wodyniach-2\/","title":{"rendered":"Orszak Trzech Kr\u00f3li w Wodyniach"},"content":{"rendered":"<p>Tytu\u0142: Orszak Trzech Kr\u00f3li w Wodyniach<\/p>\n<p>Autor:<strong>Andrzej Ilczuk <\/strong><br \/>Nazwa audycji: <strong><span style=\"color: #339966;\">Wywiady<\/span><\/strong><br \/>Data emisji: 07-02-2020<\/p>\n<p>G\u0142\u00f3wnym organizatorem Orszaku jest Towarzystwo Przyjaci\u00f3\u0142 Ziemi Wody\u0144skiej.<\/p>\n<p>\u00a0<\/p>\n\n\n<p><\/p>\n","protected":false},"excerpt":{"rendered":"<p>Tytu\u0142: Orszak Trzech Kr\u00f3li w Wodyniach Autor:Andrzej Ilczuk Nazwa audycji: WywiadyData emisji: 07-02-2020 G\u0142\u00f3wnym organizatorem Orszaku jest Towarzystwo Przyjaci\u00f3\u0142 Ziemi Wody\u0144skiej. \u00a0<\/p>\n","protected":false},"author":2,"featured_media":6110,"comment_status":"open","ping_status":"open","sticky":false,"template":"","format":"audio","meta":{"om_disable_all_campaigns":false,"_monsterinsights_skip_tracking":false,"_monsterinsights_sitenote_active":false,"_monsterinsights_sitenote_note":"","_monsterinsights_sitenote_category":0,"footnotes":""},"categories":[362],"tags":[14,1746,391],"class_list":["post-7380","post","type-post","status-publish","format-audio","has-post-thumbnail","hentry","category-andrzej-ilczuk","tag-andrzej-ilczuk","tag-czysta-rzeka","tag-wywiady","post_format-post-format-audio"],"aioseo_notices":[],"_links":{"self":[{"href":"http:\/\/archiwum.radiopodlasie.pl\/NEW\/wp-json\/wp\/v2\/posts\/7380","targetHints":{"allow":["GET"]}}],"collection":[{"href":"http:\/\/archiwum.radiopodlasie.pl\/NEW\/wp-json\/wp\/v2\/posts"}],"about":[{"href":"http:\/\/archiwum.radiopodlasie.pl\/NEW\/wp-json\/wp\/v2\/types\/post"}],"author":[{"embeddable":true,"href":"http:\/\/archiwum.radiopodlasie.pl\/NEW\/wp-json\/wp\/v2\/users\/2"}],"replies":[{"embeddable":true,"href":"http:\/\/archiwum.radiopodlasie.pl\/NEW\/wp-json\/wp\/v2\/comments?post=7380"}],"version-history":[{"count":1,"href":"http:\/\/archiwum.radiopodlasie.pl\/NEW\/wp-json\/wp\/v2\/posts\/7380\/revisions"}],"predecessor-version":[{"id":7381,"href":"http:\/\/archiwum.radiopodlasie.pl\/NEW\/wp-json\/wp\/v2\/posts\/7380\/revisions\/7381"}],"wp:featuredmedia":[{"embeddable":true,"href":"http:\/\/archiwum.radiopodlasie.pl\/NEW\/wp-json\/wp\/v2\/media\/6110"}],"wp:attachment":[{"href":"http:\/\/archiwum.radiopodlasie.pl\/NEW\/wp-json\/wp\/v2\/media?parent=7380"}],"wp:term":[{"taxonomy":"category","embeddable":true,"href":"http:\/\/archiwum.radiopodlasie.pl\/NEW\/wp-json\/wp\/v2\/categories?post=7380"},{"taxonomy":"post_tag","embeddable":true,"href":"http:\/\/archiwum.radiopodlasie.pl\/NEW\/wp-json\/wp\/v2\/tags?post=7380"}],"curies":[{"name":"wp","href":"https:\/\/api.w.org\/{rel}","templated":true}]}}