{"id":7515,"date":"2020-03-13T11:40:44","date_gmt":"2020-03-13T10:40:44","guid":{"rendered":"http:\/\/archiwum.radiopodlasie.pl\/NEW\/?p=7515"},"modified":"2020-03-13T11:40:47","modified_gmt":"2020-03-13T10:40:47","slug":"prezydent-bialej-podlaskiej-powstanie-garnizonu-to-przywrocenie-swietnosci-naszemu-miastu","status":"publish","type":"post","link":"http:\/\/archiwum.radiopodlasie.pl\/NEW\/2020\/03\/13\/prezydent-bialej-podlaskiej-powstanie-garnizonu-to-przywrocenie-swietnosci-naszemu-miastu\/","title":{"rendered":"Prezydent Bia\u0142ej Podlaskiej: powstanie garnizonu to przywr\u00f3cenie \u015bwietno\u015bci naszemu miastu"},"content":{"rendered":"\n<p><\/p>\n\n\n<p>Tytu\u0142: <strong><em>Prezydent Bia\u0142ej Podlaskiej: powstanie garnizonu to przywr\u00f3cenie \u015bwietno\u015bci naszemu miastu<\/em><\/strong><strong><br \/><\/strong><\/p>\n<p>Autor:<strong> Marcin Jab\u0142kowski<\/strong><br \/>Nazwa audycji: <strong><span style=\"color: #339966;\">O tym si\u0119 m\u00f3wi<\/span><\/strong><br \/>Data emisji: 13-03-2020<\/p>\n<p>Go\u015bciem programu \u201eO tym si\u0119 m\u00f3wi\u201d by\u0142 prezydent Bia\u0142ej Podlaskiej Micha\u0142 Litwiniuk. M\u00f3wi\u0142 m.in. o pozytywnie zako\u0144czonych staraniach o to, aby do miasta powr\u00f3ci\u0142o wojsko. Wyja\u015bnia\u0142 te\u017c, dlaczego rodzice uczni\u00f3w szko\u0142y muzycznej nie mog\u0105 wje\u017cd\u017ca\u0107 na teren parku. I wystosowa\u0142 apel do mieszka\u0144c\u00f3w, aby powa\u017cnie podeszli do zalece\u0144 wynikaj\u0105cych z zagro\u017cenia epidemiologicznego.<\/p>\n\n\n<p><\/p>\n","protected":false},"excerpt":{"rendered":"<p>Tytu\u0142: Prezydent Bia\u0142ej Podlaskiej: powstanie garnizonu to przywr\u00f3cenie \u015bwietno\u015bci naszemu miastu Autor: Marcin Jab\u0142kowskiNazwa audycji: O tym si\u0119 m\u00f3wiData emisji: 13-03-2020 Go\u015bciem programu \u201eO tym si\u0119 m\u00f3wi\u201d by\u0142 prezydent Bia\u0142ej Podlaskiej Micha\u0142 Litwiniuk. M\u00f3wi\u0142&#46;&#46;&#46;<\/p>\n","protected":false},"author":2,"featured_media":5961,"comment_status":"open","ping_status":"open","sticky":false,"template":"","format":"audio","meta":{"om_disable_all_campaigns":false,"_monsterinsights_skip_tracking":false,"_monsterinsights_sitenote_active":false,"_monsterinsights_sitenote_note":"","_monsterinsights_sitenote_category":0,"footnotes":""},"categories":[332],"tags":[202,1578,6],"class_list":["post-7515","post","type-post","status-publish","format-audio","has-post-thumbnail","hentry","category-o-tym-sie-mowi","tag-marcin-jablkowski","tag-michal-litwiniuk","tag-o-tym-sie-mowi","post_format-post-format-audio"],"aioseo_notices":[],"_links":{"self":[{"href":"http:\/\/archiwum.radiopodlasie.pl\/NEW\/wp-json\/wp\/v2\/posts\/7515","targetHints":{"allow":["GET"]}}],"collection":[{"href":"http:\/\/archiwum.radiopodlasie.pl\/NEW\/wp-json\/wp\/v2\/posts"}],"about":[{"href":"http:\/\/archiwum.radiopodlasie.pl\/NEW\/wp-json\/wp\/v2\/types\/post"}],"author":[{"embeddable":true,"href":"http:\/\/archiwum.radiopodlasie.pl\/NEW\/wp-json\/wp\/v2\/users\/2"}],"replies":[{"embeddable":true,"href":"http:\/\/archiwum.radiopodlasie.pl\/NEW\/wp-json\/wp\/v2\/comments?post=7515"}],"version-history":[{"count":1,"href":"http:\/\/archiwum.radiopodlasie.pl\/NEW\/wp-json\/wp\/v2\/posts\/7515\/revisions"}],"predecessor-version":[{"id":7516,"href":"http:\/\/archiwum.radiopodlasie.pl\/NEW\/wp-json\/wp\/v2\/posts\/7515\/revisions\/7516"}],"wp:featuredmedia":[{"embeddable":true,"href":"http:\/\/archiwum.radiopodlasie.pl\/NEW\/wp-json\/wp\/v2\/media\/5961"}],"wp:attachment":[{"href":"http:\/\/archiwum.radiopodlasie.pl\/NEW\/wp-json\/wp\/v2\/media?parent=7515"}],"wp:term":[{"taxonomy":"category","embeddable":true,"href":"http:\/\/archiwum.radiopodlasie.pl\/NEW\/wp-json\/wp\/v2\/categories?post=7515"},{"taxonomy":"post_tag","embeddable":true,"href":"http:\/\/archiwum.radiopodlasie.pl\/NEW\/wp-json\/wp\/v2\/tags?post=7515"}],"curies":[{"name":"wp","href":"https:\/\/api.w.org\/{rel}","templated":true}]}}