{"id":7648,"date":"2020-03-14T13:59:00","date_gmt":"2020-03-14T12:59:00","guid":{"rendered":"http:\/\/archiwum.radiopodlasie.pl\/NEW\/?p=7648"},"modified":"2020-03-31T14:02:43","modified_gmt":"2020-03-31T12:02:43","slug":"wystep-kabaretu-babeczki-podlaskie","status":"publish","type":"post","link":"http:\/\/archiwum.radiopodlasie.pl\/NEW\/2020\/03\/14\/wystep-kabaretu-babeczki-podlaskie\/","title":{"rendered":"Wyst\u0119p kabaretu \u201eBabeczki Podlaskie\u201d"},"content":{"rendered":"<p>Tytu\u0142: Wyst\u0119p kabaretu \u201eBabeczki Podlaskie\u201d<\/p>\n<p>Autor:<strong>Agnieszka Bolewska &#8211; Iwaniuk <\/strong><br \/>Nazwa audycji: <strong><span style=\"color: #339966;\">Wywiady<\/span><\/strong><br \/>Data emisji: 14-03-2020<\/p>\n<p>Wyst\u0119p kabaretu \u201eBabeczki Podlaskie\u201d by\u0142 g\u0142\u00f3wnym punktem spotkania zorganizowanego w gminie Siemiatycze z okazji Dnia Kobiet. \u201eBabeczki Podlaskie\u201d wyst\u0105pi\u0142y z autorskim programem \u201e\u017bona szuka rolnika\u201d, a po wyst\u0119pie z tryskaj\u0105c\u0105 energi\u0105, liderk\u0105 grupy pani\u0105 Agat\u0105 Moniuszko rozmawia\u0142a Agnieszka Bolewska-Iwaniuk<\/p>\n<p>\u00a0<\/p>\n\n\n<p><\/p>\n","protected":false},"excerpt":{"rendered":"<p>Tytu\u0142: Wyst\u0119p kabaretu \u201eBabeczki Podlaskie\u201d Autor:Agnieszka Bolewska &#8211; Iwaniuk Nazwa audycji: WywiadyData emisji: 14-03-2020 Wyst\u0119p kabaretu \u201eBabeczki Podlaskie\u201d by\u0142 g\u0142\u00f3wnym punktem spotkania zorganizowanego w gminie Siemiatycze z okazji Dnia Kobiet. \u201eBabeczki Podlaskie\u201d wyst\u0105pi\u0142y z&#46;&#46;&#46;<\/p>\n","protected":false},"author":2,"featured_media":6100,"comment_status":"open","ping_status":"open","sticky":false,"template":"","format":"audio","meta":{"om_disable_all_campaigns":false,"_monsterinsights_skip_tracking":false,"_monsterinsights_sitenote_active":false,"_monsterinsights_sitenote_note":"","_monsterinsights_sitenote_category":0,"footnotes":""},"categories":[360],"tags":[201,2533,391],"class_list":["post-7648","post","type-post","status-publish","format-audio","has-post-thumbnail","hentry","category-agnieszka-bolewska-iwaniuk","tag-agnieszka-bolewska-iwaniuk","tag-warsztaty-kwiatowe","tag-wywiady","post_format-post-format-audio"],"aioseo_notices":[],"_links":{"self":[{"href":"http:\/\/archiwum.radiopodlasie.pl\/NEW\/wp-json\/wp\/v2\/posts\/7648","targetHints":{"allow":["GET"]}}],"collection":[{"href":"http:\/\/archiwum.radiopodlasie.pl\/NEW\/wp-json\/wp\/v2\/posts"}],"about":[{"href":"http:\/\/archiwum.radiopodlasie.pl\/NEW\/wp-json\/wp\/v2\/types\/post"}],"author":[{"embeddable":true,"href":"http:\/\/archiwum.radiopodlasie.pl\/NEW\/wp-json\/wp\/v2\/users\/2"}],"replies":[{"embeddable":true,"href":"http:\/\/archiwum.radiopodlasie.pl\/NEW\/wp-json\/wp\/v2\/comments?post=7648"}],"version-history":[{"count":1,"href":"http:\/\/archiwum.radiopodlasie.pl\/NEW\/wp-json\/wp\/v2\/posts\/7648\/revisions"}],"predecessor-version":[{"id":7649,"href":"http:\/\/archiwum.radiopodlasie.pl\/NEW\/wp-json\/wp\/v2\/posts\/7648\/revisions\/7649"}],"wp:featuredmedia":[{"embeddable":true,"href":"http:\/\/archiwum.radiopodlasie.pl\/NEW\/wp-json\/wp\/v2\/media\/6100"}],"wp:attachment":[{"href":"http:\/\/archiwum.radiopodlasie.pl\/NEW\/wp-json\/wp\/v2\/media?parent=7648"}],"wp:term":[{"taxonomy":"category","embeddable":true,"href":"http:\/\/archiwum.radiopodlasie.pl\/NEW\/wp-json\/wp\/v2\/categories?post=7648"},{"taxonomy":"post_tag","embeddable":true,"href":"http:\/\/archiwum.radiopodlasie.pl\/NEW\/wp-json\/wp\/v2\/tags?post=7648"}],"curies":[{"name":"wp","href":"https:\/\/api.w.org\/{rel}","templated":true}]}}