{"id":7678,"date":"2020-03-31T11:41:00","date_gmt":"2020-03-31T09:41:00","guid":{"rendered":"http:\/\/archiwum.radiopodlasie.pl\/NEW\/?p=7678"},"modified":"2020-04-02T11:44:28","modified_gmt":"2020-04-02T09:44:28","slug":"rozmowa-z-jozefem-janem-romanczukiem-dyrektorem-mazowieckiego-osrodka-doradztwa-rolniczego","status":"publish","type":"post","link":"http:\/\/archiwum.radiopodlasie.pl\/NEW\/2020\/03\/31\/rozmowa-z-jozefem-janem-romanczukiem-dyrektorem-mazowieckiego-osrodka-doradztwa-rolniczego\/","title":{"rendered":"Rozmowa z J\u00f3zefem Janem Roma\u0144czukiem &#8211; dyrektorem Mazowieckiego O\u015brodka Doradztwa Rolniczego"},"content":{"rendered":"\n<p><\/p>\n\n\n<p>Tytu\u0142: Rozmowa z J\u00f3zefem Janem Roma\u0144czukiem &#8211; dyrektorem Mazowieckiego O\u015brodka Doradztwa Rolniczego<\/p>\n<p>Autor:<strong> Andrzej Materski<\/strong><br \/>Nazwa audycji: <strong><span style=\"color: #339966;\">O tym si\u0119 m\u00f3wi<\/span><\/strong><br \/>Data emisji: 31-03-2020<\/p>\n<p>Go\u015bciem programu \u201eO tym si\u0119 m\u00f3wi\u201d by\u0142 prezydent Bia\u0142ej Podlaskiej Micha\u0142 Litwiniuk. M\u00f3wi\u0142 m.in. o pozytywnie zako\u0144czonych staraniach o to, aby do miasta powr\u00f3ci\u0142o wojsko. Wyja\u015bnia\u0142 te\u017c, dlaczego rodzice uczni\u00f3w szko\u0142y muzycznej nie mog\u0105 wje\u017cd\u017ca\u0107 na teren parku. I wystosowa\u0142 apel do mieszka\u0144c\u00f3w, aby powa\u017cnie podeszli do zalece\u0144 wynikaj\u0105cych z zagro\u017cenia epidemiologicznego.<\/p>\n\n\n<p><\/p>\n","protected":false},"excerpt":{"rendered":"<p>Tytu\u0142: Rozmowa z J\u00f3zefem Janem Roma\u0144czukiem &#8211; dyrektorem Mazowieckiego O\u015brodka Doradztwa Rolniczego Autor: Andrzej MaterskiNazwa audycji: O tym si\u0119 m\u00f3wiData emisji: 31-03-2020 Go\u015bciem programu \u201eO tym si\u0119 m\u00f3wi\u201d by\u0142 prezydent Bia\u0142ej Podlaskiej Micha\u0142 Litwiniuk.&#46;&#46;&#46;<\/p>\n","protected":false},"author":2,"featured_media":6114,"comment_status":"open","ping_status":"open","sticky":false,"template":"","format":"audio","meta":{"om_disable_all_campaigns":false,"_monsterinsights_skip_tracking":false,"_monsterinsights_sitenote_active":false,"_monsterinsights_sitenote_note":"","_monsterinsights_sitenote_category":0,"footnotes":""},"categories":[332],"tags":[11,2544,6],"class_list":["post-7678","post","type-post","status-publish","format-audio","has-post-thumbnail","hentry","category-o-tym-sie-mowi","tag-andrzej-materski","tag-jozef-romanczuk","tag-o-tym-sie-mowi","post_format-post-format-audio"],"aioseo_notices":[],"_links":{"self":[{"href":"http:\/\/archiwum.radiopodlasie.pl\/NEW\/wp-json\/wp\/v2\/posts\/7678","targetHints":{"allow":["GET"]}}],"collection":[{"href":"http:\/\/archiwum.radiopodlasie.pl\/NEW\/wp-json\/wp\/v2\/posts"}],"about":[{"href":"http:\/\/archiwum.radiopodlasie.pl\/NEW\/wp-json\/wp\/v2\/types\/post"}],"author":[{"embeddable":true,"href":"http:\/\/archiwum.radiopodlasie.pl\/NEW\/wp-json\/wp\/v2\/users\/2"}],"replies":[{"embeddable":true,"href":"http:\/\/archiwum.radiopodlasie.pl\/NEW\/wp-json\/wp\/v2\/comments?post=7678"}],"version-history":[{"count":1,"href":"http:\/\/archiwum.radiopodlasie.pl\/NEW\/wp-json\/wp\/v2\/posts\/7678\/revisions"}],"predecessor-version":[{"id":7679,"href":"http:\/\/archiwum.radiopodlasie.pl\/NEW\/wp-json\/wp\/v2\/posts\/7678\/revisions\/7679"}],"wp:featuredmedia":[{"embeddable":true,"href":"http:\/\/archiwum.radiopodlasie.pl\/NEW\/wp-json\/wp\/v2\/media\/6114"}],"wp:attachment":[{"href":"http:\/\/archiwum.radiopodlasie.pl\/NEW\/wp-json\/wp\/v2\/media?parent=7678"}],"wp:term":[{"taxonomy":"category","embeddable":true,"href":"http:\/\/archiwum.radiopodlasie.pl\/NEW\/wp-json\/wp\/v2\/categories?post=7678"},{"taxonomy":"post_tag","embeddable":true,"href":"http:\/\/archiwum.radiopodlasie.pl\/NEW\/wp-json\/wp\/v2\/tags?post=7678"}],"curies":[{"name":"wp","href":"https:\/\/api.w.org\/{rel}","templated":true}]}}