{"id":848,"date":"2018-05-07T15:15:16","date_gmt":"2018-05-07T13:15:16","guid":{"rendered":"http:\/\/archiwum.radiopodlasie.pl\/NEW\/?p=848"},"modified":"2018-05-08T15:20:39","modified_gmt":"2018-05-08T13:20:39","slug":"rozmowa-z-anna-sochacka","status":"publish","type":"post","link":"http:\/\/archiwum.radiopodlasie.pl\/NEW\/2018\/05\/07\/rozmowa-z-anna-sochacka\/","title":{"rendered":"Rozmowa z Ann\u0105 Sochack\u0105"},"content":{"rendered":"<p>Tytu\u0142: <strong><em><span style=\"color: #008000;\"> Rozmowa z Ann\u0105 Sochack\u0105<\/span><\/em><\/strong><br \/>\nAutor:<strong>Marcin Jab\u0142kowski<\/strong><br \/>\nNazwa audycji: <strong><span style=\"color: #339966;\"> O tym si\u0119 m\u00f3wi<\/span><\/strong><br \/>\nData emisji: 07-05-2018<\/p>\n<p>Wiceprezydent Siedlec, a zarazem wiceprzewodnicz\u0105ca Siedleckiego Towarzystwa Samorz\u0105dowego w rozmowie z Radiem Podlasie komentowa\u0142a odej\u015bcie z klubu radnych STS Magdaleny Daniel. Wiceprezydent Siedlec Anna Sochacka w rozmowie z Radiem Podlasie odnios\u0142a si\u0119 do ostatniego Rankingu Finansowego Samorz\u0105du Terytorialnego, w kt\u00f3rym miasto zaj\u0119\u0142o odleg\u0142e miejsce. Anna Sochacka wyrazi\u0142a tak\u017ce  rozczarowanie wynikami programu darmowych szczepie\u0144 przeciwko HPV w mie\u015bcie. Akcja potrwa jeszcze do grudnia, ale ju\u017c teraz wida\u0107, \u017ce nie cieszy si\u0119 takim zainteresowaniem, jakiego spodziewali si\u0119 organizatorzy.<\/p>\n","protected":false},"excerpt":{"rendered":"<p>Tytu\u0142: Rozmowa z Ann\u0105 Sochack\u0105 Autor:Marcin Jab\u0142kowski Nazwa audycji: O tym si\u0119 m\u00f3wi Data emisji: 07-05-2018 Wiceprezydent Siedlec, a zarazem wiceprzewodnicz\u0105ca Siedleckiego Towarzystwa Samorz\u0105dowego w rozmowie z Radiem Podlasie komentowa\u0142a odej\u015bcie z klubu radnych&#46;&#46;&#46;<\/p>\n","protected":false},"author":2,"featured_media":0,"comment_status":"open","ping_status":"open","sticky":false,"template":"","format":"standard","meta":{"om_disable_all_campaigns":false,"_monsterinsights_skip_tracking":false,"_monsterinsights_sitenote_active":false,"_monsterinsights_sitenote_note":"","_monsterinsights_sitenote_category":0,"footnotes":""},"categories":[332],"tags":[243,617,202,6,682,681],"class_list":["post-848","post","type-post","status-publish","format-standard","hentry","category-o-tym-sie-mowi","tag-anna-sochacka","tag-magdalena-daniel","tag-marcin-jablkowski","tag-o-tym-sie-mowi","tag-ranking","tag-szczepienia"],"aioseo_notices":[],"_links":{"self":[{"href":"http:\/\/archiwum.radiopodlasie.pl\/NEW\/wp-json\/wp\/v2\/posts\/848","targetHints":{"allow":["GET"]}}],"collection":[{"href":"http:\/\/archiwum.radiopodlasie.pl\/NEW\/wp-json\/wp\/v2\/posts"}],"about":[{"href":"http:\/\/archiwum.radiopodlasie.pl\/NEW\/wp-json\/wp\/v2\/types\/post"}],"author":[{"embeddable":true,"href":"http:\/\/archiwum.radiopodlasie.pl\/NEW\/wp-json\/wp\/v2\/users\/2"}],"replies":[{"embeddable":true,"href":"http:\/\/archiwum.radiopodlasie.pl\/NEW\/wp-json\/wp\/v2\/comments?post=848"}],"version-history":[{"count":0,"href":"http:\/\/archiwum.radiopodlasie.pl\/NEW\/wp-json\/wp\/v2\/posts\/848\/revisions"}],"wp:attachment":[{"href":"http:\/\/archiwum.radiopodlasie.pl\/NEW\/wp-json\/wp\/v2\/media?parent=848"}],"wp:term":[{"taxonomy":"category","embeddable":true,"href":"http:\/\/archiwum.radiopodlasie.pl\/NEW\/wp-json\/wp\/v2\/categories?post=848"},{"taxonomy":"post_tag","embeddable":true,"href":"http:\/\/archiwum.radiopodlasie.pl\/NEW\/wp-json\/wp\/v2\/tags?post=848"}],"curies":[{"name":"wp","href":"https:\/\/api.w.org\/{rel}","templated":true}]}}