{"id":8535,"date":"2020-06-13T13:53:00","date_gmt":"2020-06-13T11:53:00","guid":{"rendered":"http:\/\/archiwum.radiopodlasie.pl\/NEW\/?p=8535"},"modified":"2020-06-25T14:03:06","modified_gmt":"2020-06-25T12:03:06","slug":"wznowienie-dzialalnosci-warsztatu-terapii-zajeciowej-siostr-karmelitanek-dzieciatka-jezus-w-siemiatyczach","status":"publish","type":"post","link":"http:\/\/archiwum.radiopodlasie.pl\/NEW\/2020\/06\/13\/wznowienie-dzialalnosci-warsztatu-terapii-zajeciowej-siostr-karmelitanek-dzieciatka-jezus-w-siemiatyczach\/","title":{"rendered":"Ossolin &#8211; po\u015bwi\u0119cenie p\u00f3l, krzy\u017ca i obiekt\u00f3w &#8222;ma\u0142ego skansenu&#8221;"},"content":{"rendered":"<p>Tytu\u0142: Ossolin &#8211; po\u015bwi\u0119cenie p\u00f3l, krzy\u017ca i obiekt\u00f3w &#8222;ma\u0142ego skansenu&#8221;<\/p>\n<p>Autor:<strong>Agnieszka Bolewska &#8211; Iwaniuk <\/strong><br \/>Nazwa audycji: <strong><span style=\"color: #339966;\">Wywiady<\/span><\/strong><br \/>Data emisji: 13-06-2020<\/p>\n<p>W Ossolinie w gminie Siemiatycze na terenie parafii pw. \u015awi\u0119tego Andrzeja Boboli celebrowano Msz\u0119 \u015aw. po\u0142\u0105czon\u0105 z po\u015bwi\u0119ceniem p\u00f3l, modlitw\u0105 za dobry urodzaj dla rolnik\u00f3w i o b\u0142ogos\u0142awie\u0144stwo dla mieszka\u0144c\u00f3w. Uroczysto\u015b\u0107 po\u0142\u0105czono z\u00a0 po\u015bwi\u0119ceniem krzy\u017ca i obiekt\u00f3w \u201ema\u0142ego skansenu\u201d nale\u017c\u0105cego do pasjonata historii Podlasia &#8211; Antoniego Pyka\u0142o. W Ossolinie by\u0142a Agnieszka Bolewska-Iwaniuk.<\/p>\n\n\n<p><\/p>\n","protected":false},"excerpt":{"rendered":"<p>Tytu\u0142: Ossolin &#8211; po\u015bwi\u0119cenie p\u00f3l, krzy\u017ca i obiekt\u00f3w &#8222;ma\u0142ego skansenu&#8221; Autor:Agnieszka Bolewska &#8211; Iwaniuk Nazwa audycji: WywiadyData emisji: 13-06-2020 W Ossolinie w gminie Siemiatycze na terenie parafii pw. \u015awi\u0119tego Andrzeja Boboli celebrowano Msz\u0119 \u015aw.&#46;&#46;&#46;<\/p>\n","protected":false},"author":2,"featured_media":6100,"comment_status":"open","ping_status":"open","sticky":false,"template":"","format":"audio","meta":{"om_disable_all_campaigns":false,"_monsterinsights_skip_tracking":false,"_monsterinsights_sitenote_active":false,"_monsterinsights_sitenote_note":"","_monsterinsights_sitenote_category":0,"footnotes":""},"categories":[360],"tags":[201,711,140,391],"class_list":["post-8535","post","type-post","status-publish","format-audio","has-post-thumbnail","hentry","category-agnieszka-bolewska-iwaniuk","tag-agnieszka-bolewska-iwaniuk","tag-ossolin","tag-siemiatycze","tag-wywiady","post_format-post-format-audio"],"aioseo_notices":[],"_links":{"self":[{"href":"http:\/\/archiwum.radiopodlasie.pl\/NEW\/wp-json\/wp\/v2\/posts\/8535","targetHints":{"allow":["GET"]}}],"collection":[{"href":"http:\/\/archiwum.radiopodlasie.pl\/NEW\/wp-json\/wp\/v2\/posts"}],"about":[{"href":"http:\/\/archiwum.radiopodlasie.pl\/NEW\/wp-json\/wp\/v2\/types\/post"}],"author":[{"embeddable":true,"href":"http:\/\/archiwum.radiopodlasie.pl\/NEW\/wp-json\/wp\/v2\/users\/2"}],"replies":[{"embeddable":true,"href":"http:\/\/archiwum.radiopodlasie.pl\/NEW\/wp-json\/wp\/v2\/comments?post=8535"}],"version-history":[{"count":2,"href":"http:\/\/archiwum.radiopodlasie.pl\/NEW\/wp-json\/wp\/v2\/posts\/8535\/revisions"}],"predecessor-version":[{"id":8538,"href":"http:\/\/archiwum.radiopodlasie.pl\/NEW\/wp-json\/wp\/v2\/posts\/8535\/revisions\/8538"}],"wp:featuredmedia":[{"embeddable":true,"href":"http:\/\/archiwum.radiopodlasie.pl\/NEW\/wp-json\/wp\/v2\/media\/6100"}],"wp:attachment":[{"href":"http:\/\/archiwum.radiopodlasie.pl\/NEW\/wp-json\/wp\/v2\/media?parent=8535"}],"wp:term":[{"taxonomy":"category","embeddable":true,"href":"http:\/\/archiwum.radiopodlasie.pl\/NEW\/wp-json\/wp\/v2\/categories?post=8535"},{"taxonomy":"post_tag","embeddable":true,"href":"http:\/\/archiwum.radiopodlasie.pl\/NEW\/wp-json\/wp\/v2\/tags?post=8535"}],"curies":[{"name":"wp","href":"https:\/\/api.w.org\/{rel}","templated":true}]}}