{"id":9113,"date":"2020-08-14T12:26:00","date_gmt":"2020-08-14T10:26:00","guid":{"rendered":"http:\/\/archiwum.radiopodlasie.pl\/NEW\/?p=9113"},"modified":"2020-08-19T12:36:39","modified_gmt":"2020-08-19T10:36:39","slug":"o-klesce-imperium-zla-rozmawiaja-joanna-kuczborska-i-adam-bialczak","status":"publish","type":"post","link":"http:\/\/archiwum.radiopodlasie.pl\/NEW\/2020\/08\/14\/o-klesce-imperium-zla-rozmawiaja-joanna-kuczborska-i-adam-bialczak\/","title":{"rendered":"&#8222;O Kl\u0119sce imperium z\u0142a&#8221; rozmawiaj\u0105 Joanna Kuczborska i Adam Bia\u0142czak"},"content":{"rendered":"\n<p><\/p>\n\n\n<p>Tytu\u0142: <strong>&#8222;O Kl\u0119sce imperium z\u0142a&#8221; rozmawiaj\u0105 Joanna Kuczborska i Adam Bia\u0142czak<br \/><\/strong><\/p>\n<p>Autor: Adam Bia\u0142czak, Joanna Kuczborska<br \/>Nazwa audycji: <strong><span style=\"color: #339966;\">EXLIBRIS &#8211; Audycja o ksi\u0105\u017ckach<\/span><\/strong><br \/>Data emisji: 14-08-2020<\/p>\n<p>Dok\u0142adnie sto lat temu Polska powstrzyma\u0142a id\u0105c\u0105 na podb\u00f3j Europy Armi\u0119 Czerwon\u0105. Okoliczno\u015bciowych publikacji ukaza\u0142o si\u0119 z tej okazji sporo. 14 sierpnia w naszej audycji o ksi\u0105\u017ckach omawiali\u015bmy jedn\u0105 z nich \u2013 \u201eKl\u0119sk\u0119 imperium z\u0142a\u201d, napisan\u0105 przez znanego krakowskiego historyka, profesora Andrzeja Nowaka. O ksi\u0105\u017cce rozmawiali: Joanna Kuczborska i Adam Bia\u0142czak.<\/p>\n<p><strong>\u00a0<\/strong><\/p>\n<p>\u00a0<\/p>\n<p><strong>\u00a0<\/strong><\/p>\n<p>\u00a0<\/p>","protected":false},"excerpt":{"rendered":"<p>Tytu\u0142: &#8222;O Kl\u0119sce imperium z\u0142a&#8221; rozmawiaj\u0105 Joanna Kuczborska i Adam Bia\u0142czak Autor: Adam Bia\u0142czak, Joanna KuczborskaNazwa audycji: EXLIBRIS &#8211; Audycja o ksi\u0105\u017ckachData emisji: 14-08-2020 Dok\u0142adnie sto lat temu Polska powstrzyma\u0142a id\u0105c\u0105 na podb\u00f3j Europy&#46;&#46;&#46;<\/p>\n","protected":false},"author":2,"featured_media":8250,"comment_status":"open","ping_status":"open","sticky":false,"template":"","format":"audio","meta":{"om_disable_all_campaigns":false,"_monsterinsights_skip_tracking":false,"_monsterinsights_sitenote_active":false,"_monsterinsights_sitenote_note":"","_monsterinsights_sitenote_category":0,"footnotes":""},"categories":[2644],"tags":[493,2645,315,2858],"class_list":["post-9113","post","type-post","status-publish","format-audio","has-post-thumbnail","hentry","category-exlibris-audycja-o-ksiazkach","tag-adam-bialczak","tag-exlibris","tag-joanna-kuczborska","tag-kleska-imperium-zla","post_format-post-format-audio"],"aioseo_notices":[],"_links":{"self":[{"href":"http:\/\/archiwum.radiopodlasie.pl\/NEW\/wp-json\/wp\/v2\/posts\/9113","targetHints":{"allow":["GET"]}}],"collection":[{"href":"http:\/\/archiwum.radiopodlasie.pl\/NEW\/wp-json\/wp\/v2\/posts"}],"about":[{"href":"http:\/\/archiwum.radiopodlasie.pl\/NEW\/wp-json\/wp\/v2\/types\/post"}],"author":[{"embeddable":true,"href":"http:\/\/archiwum.radiopodlasie.pl\/NEW\/wp-json\/wp\/v2\/users\/2"}],"replies":[{"embeddable":true,"href":"http:\/\/archiwum.radiopodlasie.pl\/NEW\/wp-json\/wp\/v2\/comments?post=9113"}],"version-history":[{"count":1,"href":"http:\/\/archiwum.radiopodlasie.pl\/NEW\/wp-json\/wp\/v2\/posts\/9113\/revisions"}],"predecessor-version":[{"id":9114,"href":"http:\/\/archiwum.radiopodlasie.pl\/NEW\/wp-json\/wp\/v2\/posts\/9113\/revisions\/9114"}],"wp:featuredmedia":[{"embeddable":true,"href":"http:\/\/archiwum.radiopodlasie.pl\/NEW\/wp-json\/wp\/v2\/media\/8250"}],"wp:attachment":[{"href":"http:\/\/archiwum.radiopodlasie.pl\/NEW\/wp-json\/wp\/v2\/media?parent=9113"}],"wp:term":[{"taxonomy":"category","embeddable":true,"href":"http:\/\/archiwum.radiopodlasie.pl\/NEW\/wp-json\/wp\/v2\/categories?post=9113"},{"taxonomy":"post_tag","embeddable":true,"href":"http:\/\/archiwum.radiopodlasie.pl\/NEW\/wp-json\/wp\/v2\/tags?post=9113"}],"curies":[{"name":"wp","href":"https:\/\/api.w.org\/{rel}","templated":true}]}}