{"id":9642,"date":"2020-10-01T10:26:00","date_gmt":"2020-10-01T08:26:00","guid":{"rendered":"http:\/\/archiwum.radiopodlasie.pl\/NEW\/?p=9642"},"modified":"2020-10-01T10:26:03","modified_gmt":"2020-10-01T08:26:03","slug":"dominika-marton-jaroszewska-w-zs-w-lochowie-pracuja-fachowcy-emocje-opadaja","status":"publish","type":"post","link":"http:\/\/archiwum.radiopodlasie.pl\/NEW\/2020\/10\/01\/dominika-marton-jaroszewska-w-zs-w-lochowie-pracuja-fachowcy-emocje-opadaja\/","title":{"rendered":"Dominika Marto\u0144-Jaroszewska: W ZS w \u0141ochowie pracuj\u0105 fachowcy. Emocje opadaj\u0105"},"content":{"rendered":"\n<p><\/p>\n\n\n<p>Tytu\u0142: Dominika Marto\u0144-Jaroszewska: W ZS w \u0141ochowie pracuj\u0105 fachowcy. Emocje opadaj\u0105<strong><br \/><\/strong><\/p>\n<p>Autor: Marcin Jab\u0142kowski <br \/>Nazwa audycji: <strong><span style=\"color: #339966;\">O tym si\u0119 m\u00f3wi<\/span><\/strong><br \/>Data emisji: 01-10-2020<\/p>\n<p>Dominika Marto\u0144-Jaroszewska, wicedyrektor Zespo\u0142u Szk\u00f3\u0142 w \u0141ochowie powiedzia\u0142a, \u017ce rozpalanie emocji wok\u00f3\u0142 wyboru dyrektora plac\u00f3wki by\u0142o niepotrzebne. Szkole potrzeba jest spokoju, kt\u00f3ry gwarantuje profesjonalne podej\u015bcie grona pedagogicznego.<\/p>\n<p><strong>\u00a0<\/strong><\/p>\n\n\n<p><\/p>\n","protected":false},"excerpt":{"rendered":"<p>Tytu\u0142: Dominika Marto\u0144-Jaroszewska: W ZS w \u0141ochowie pracuj\u0105 fachowcy. Emocje opadaj\u0105 Autor: Marcin Jab\u0142kowski Nazwa audycji: O tym si\u0119 m\u00f3wiData emisji: 01-10-2020 Dominika Marto\u0144-Jaroszewska, wicedyrektor Zespo\u0142u Szk\u00f3\u0142 w \u0141ochowie powiedzia\u0142a, \u017ce rozpalanie emocji wok\u00f3\u0142&#46;&#46;&#46;<\/p>\n","protected":false},"author":2,"featured_media":5961,"comment_status":"open","ping_status":"open","sticky":false,"template":"","format":"audio","meta":{"om_disable_all_campaigns":false,"_monsterinsights_skip_tracking":false,"_monsterinsights_sitenote_active":false,"_monsterinsights_sitenote_note":"","_monsterinsights_sitenote_category":0,"footnotes":""},"categories":[332],"tags":[2941,202,6],"class_list":["post-9642","post","type-post","status-publish","format-audio","has-post-thumbnail","hentry","category-o-tym-sie-mowi","tag-dominika-marton-jaroszewska","tag-marcin-jablkowski","tag-o-tym-sie-mowi","post_format-post-format-audio"],"aioseo_notices":[],"_links":{"self":[{"href":"http:\/\/archiwum.radiopodlasie.pl\/NEW\/wp-json\/wp\/v2\/posts\/9642","targetHints":{"allow":["GET"]}}],"collection":[{"href":"http:\/\/archiwum.radiopodlasie.pl\/NEW\/wp-json\/wp\/v2\/posts"}],"about":[{"href":"http:\/\/archiwum.radiopodlasie.pl\/NEW\/wp-json\/wp\/v2\/types\/post"}],"author":[{"embeddable":true,"href":"http:\/\/archiwum.radiopodlasie.pl\/NEW\/wp-json\/wp\/v2\/users\/2"}],"replies":[{"embeddable":true,"href":"http:\/\/archiwum.radiopodlasie.pl\/NEW\/wp-json\/wp\/v2\/comments?post=9642"}],"version-history":[{"count":1,"href":"http:\/\/archiwum.radiopodlasie.pl\/NEW\/wp-json\/wp\/v2\/posts\/9642\/revisions"}],"predecessor-version":[{"id":9643,"href":"http:\/\/archiwum.radiopodlasie.pl\/NEW\/wp-json\/wp\/v2\/posts\/9642\/revisions\/9643"}],"wp:featuredmedia":[{"embeddable":true,"href":"http:\/\/archiwum.radiopodlasie.pl\/NEW\/wp-json\/wp\/v2\/media\/5961"}],"wp:attachment":[{"href":"http:\/\/archiwum.radiopodlasie.pl\/NEW\/wp-json\/wp\/v2\/media?parent=9642"}],"wp:term":[{"taxonomy":"category","embeddable":true,"href":"http:\/\/archiwum.radiopodlasie.pl\/NEW\/wp-json\/wp\/v2\/categories?post=9642"},{"taxonomy":"post_tag","embeddable":true,"href":"http:\/\/archiwum.radiopodlasie.pl\/NEW\/wp-json\/wp\/v2\/tags?post=9642"}],"curies":[{"name":"wp","href":"https:\/\/api.w.org\/{rel}","templated":true}]}}