{"id":11752,"date":"2021-03-16T10:34:00","date_gmt":"2021-03-16T09:34:00","guid":{"rendered":"http:\/\/archiwum.radiopodlasie.pl\/NEW\/?p=11752"},"modified":"2021-03-19T10:12:46","modified_gmt":"2021-03-19T09:12:46","slug":"szpaki-vi-dzien-nowenny-do-sw-jozefa-2","status":"publish","type":"post","link":"https:\/\/archiwum.radiopodlasie.pl\/NEW\/2021\/03\/16\/szpaki-vi-dzien-nowenny-do-sw-jozefa-2\/","title":{"rendered":"Szpaki: VII Dzie\u0144 Nowenny do \u015aw. J\u00f3zefa"},"content":{"rendered":"<p>Tytu\u0142: Szpaki: VII Dzie\u0144 Nowenny do \u015aw. J\u00f3zefa<\/p>\n<p>Autor: Ks. Marcin Olek<br \/>Nazwa audycji: <strong><span style=\"color: #339966;\">Nowenny<\/span><\/strong><br \/>Data emisji: 16-03-2021<\/p>\n<p>W si\u00f3dmym dniu nowenny w Szpakach pochylono si\u0119 nad tematem-\u201d\u015awi\u0119ty J\u00f3zef ojcem przyjmuj\u0105cym\u201d. Eucharystii przewodniczy\u0142 i homili\u0119 wyg\u0142osi\u0142 ks. Marcin Olek &#8211; dyrektor Katolickiej Szko\u0142y Podstawowej im. b\u0142. k s. Jerzego Popie\u0142uszki w Siedlcach.<\/p>\n<p>\u00a0<\/p>\n<p><strong>\u00a0<\/strong><\/p>\n\n\n<p><\/p>\n","protected":false},"excerpt":{"rendered":"<p>Tytu\u0142: Szpaki: VII Dzie\u0144 Nowenny do \u015aw. J\u00f3zefa Autor: Ks. Marcin OlekNazwa audycji: NowennyData emisji: 16-03-2021 W si\u00f3dmym dniu nowenny w Szpakach pochylono si\u0119 nad tematem-\u201d\u015awi\u0119ty J\u00f3zef ojcem przyjmuj\u0105cym\u201d. Eucharystii przewodniczy\u0142 i homili\u0119 wyg\u0142osi\u0142&#46;&#46;&#46;<\/p>\n","protected":false},"author":2,"featured_media":7229,"comment_status":"open","ping_status":"open","sticky":false,"template":"","format":"audio","meta":{"om_disable_all_campaigns":false,"_monsterinsights_skip_tracking":false,"_monsterinsights_sitenote_active":false,"_monsterinsights_sitenote_note":"","_monsterinsights_sitenote_category":0,"footnotes":""},"categories":[336],"tags":[220,459],"class_list":["post-11752","post","type-post","status-publish","format-audio","has-post-thumbnail","hentry","category-nowenny","tag-nowenna","tag-szpaki","post_format-post-format-audio"],"aioseo_notices":[],"_links":{"self":[{"href":"https:\/\/archiwum.radiopodlasie.pl\/NEW\/wp-json\/wp\/v2\/posts\/11752","targetHints":{"allow":["GET"]}}],"collection":[{"href":"https:\/\/archiwum.radiopodlasie.pl\/NEW\/wp-json\/wp\/v2\/posts"}],"about":[{"href":"https:\/\/archiwum.radiopodlasie.pl\/NEW\/wp-json\/wp\/v2\/types\/post"}],"author":[{"embeddable":true,"href":"https:\/\/archiwum.radiopodlasie.pl\/NEW\/wp-json\/wp\/v2\/users\/2"}],"replies":[{"embeddable":true,"href":"https:\/\/archiwum.radiopodlasie.pl\/NEW\/wp-json\/wp\/v2\/comments?post=11752"}],"version-history":[{"count":2,"href":"https:\/\/archiwum.radiopodlasie.pl\/NEW\/wp-json\/wp\/v2\/posts\/11752\/revisions"}],"predecessor-version":[{"id":11780,"href":"https:\/\/archiwum.radiopodlasie.pl\/NEW\/wp-json\/wp\/v2\/posts\/11752\/revisions\/11780"}],"wp:featuredmedia":[{"embeddable":true,"href":"https:\/\/archiwum.radiopodlasie.pl\/NEW\/wp-json\/wp\/v2\/media\/7229"}],"wp:attachment":[{"href":"https:\/\/archiwum.radiopodlasie.pl\/NEW\/wp-json\/wp\/v2\/media?parent=11752"}],"wp:term":[{"taxonomy":"category","embeddable":true,"href":"https:\/\/archiwum.radiopodlasie.pl\/NEW\/wp-json\/wp\/v2\/categories?post=11752"},{"taxonomy":"post_tag","embeddable":true,"href":"https:\/\/archiwum.radiopodlasie.pl\/NEW\/wp-json\/wp\/v2\/tags?post=11752"}],"curies":[{"name":"wp","href":"https:\/\/api.w.org\/{rel}","templated":true}]}}