{"id":23108,"date":"2024-08-08T06:52:07","date_gmt":"2024-08-08T04:52:07","guid":{"rendered":"http:\/\/archiwum.radiopodlasie.pl\/NEW\/?p=23108"},"modified":"2024-08-08T08:05:41","modified_gmt":"2024-08-08T06:05:41","slug":"23108","status":"publish","type":"post","link":"https:\/\/archiwum.radiopodlasie.pl\/NEW\/2024\/08\/08\/23108\/","title":{"rendered":"Czy da si\u0119 dzisiaj \u017cy\u0107 po Bo\u017cemu w rodzinie? &#8211; audycja Gaudium Et Spes ks. Jacka Ja\u015bkowskiego z 5 sierpnia 2024."},"content":{"rendered":"\n<p> <figure class=\"wp-block-image size-full is-resized\"><img loading=\"lazy\" decoding=\"async\" width=\"940\" height=\"788\" class=\"wp-image-23109\" style=\"aspect-ratio:1.1928934010152283;width:683px;height:auto\" src=\"http:\/\/archiwum.radiopodlasie.pl\/NEW\/wp-content\/uploads\/2024\/08\/240805_grafika.jpg\" alt=\"\" srcset=\"https:\/\/archiwum.radiopodlasie.pl\/NEW\/wp-content\/uploads\/2024\/08\/240805_grafika.jpg 940w, https:\/\/archiwum.radiopodlasie.pl\/NEW\/wp-content\/uploads\/2024\/08\/240805_grafika-300x251.jpg 300w, https:\/\/archiwum.radiopodlasie.pl\/NEW\/wp-content\/uploads\/2024\/08\/240805_grafika-768x644.jpg 768w\" sizes=\"auto, (max-width: 940px) 100vw, 940px\" \/><\/figure><\/p>\n\n\n<p>Tytu\u0142: Czy da si\u0119 dzisiaj \u017cy\u0107 po Bo\u017cemu w rodzinie? &#8211; audycja Gaudium Et Spes ks. Jacka Ja\u015bkowskiego z 5 sierpnia 2024.<br \/><!--more--><\/p>\n\n\n<p>Autor: Ks. Jacek Ja\u015bkowski<\/p>\n\n\n\n<p>Nazwa audycji: <strong>Gaudium et spes<\/strong><\/p>\n\n\n\n<p>Data emisji: 05-08-2024<\/p>\n\n\n\n<p>\ud83d\udc68\u200d\ud83d\udc69\u200d\ud83d\udc67\u200d\ud83d\udc66 Co na etapie przygotowania do ma\u0142\u017ce\u0144stwa wp\u0142ywa na jego kszta\u0142t?<br>\ud83d\udc68\u200d\ud83d\udc69\u200d\ud83d\udc67\u200d\ud83d\udc66 \u017bycie religijne w rodzinie i formacja duchowa ma\u0142\u017conk\u00f3w \u2013 jak wa\u017cna jest w wychowaniu dzieci?<br>Mi\u0119dzy innymi o tym w dzisiejszej audycji Gaudium Et Spes, na kt\u00f3r\u0105 zaprasza ks. Jacek Ja\u015bkowski.<\/p>\n\n\n\n<figure class=\"wp-block-image size-large\"><img loading=\"lazy\" decoding=\"async\" width=\"1024\" height=\"750\" src=\"http:\/\/archiwum.radiopodlasie.pl\/NEW\/wp-content\/uploads\/2024\/08\/240805-1024x750.jpg\" alt=\"\" class=\"wp-image-23111\" srcset=\"https:\/\/archiwum.radiopodlasie.pl\/NEW\/wp-content\/uploads\/2024\/08\/240805-1024x750.jpg 1024w, https:\/\/archiwum.radiopodlasie.pl\/NEW\/wp-content\/uploads\/2024\/08\/240805-300x220.jpg 300w, https:\/\/archiwum.radiopodlasie.pl\/NEW\/wp-content\/uploads\/2024\/08\/240805-768x562.jpg 768w, https:\/\/archiwum.radiopodlasie.pl\/NEW\/wp-content\/uploads\/2024\/08\/240805.jpg 1433w\" sizes=\"auto, (max-width: 1024px) 100vw, 1024px\" \/><\/figure>\n\n\n<div>\n<div class=\"nH\">\n<div class=\"nH\">\n<div class=\"nH aqk aql bkL\">\n<div class=\"nH bkK\">\n<div class=\"nH\">\n<div class=\"nH ar4 z\">\n<div class=\"aeI\">\n<div class=\"AO\">\n<div id=\":3\" class=\"Tm aeJ\">\n<div id=\":1\" class=\"aeF\">\n<div class=\"nH\">\n<div class=\"nH\" role=\"main\">\n<div class=\"nH g id\">\n<div class=\"nH a98 iY\">\n<div class=\"nH\">\n<div class=\"aHU hx\">\n<div role=\"list\">\n<div class=\"h7 ie\" tabindex=\"-1\" role=\"listitem\" aria-expanded=\"true\">\n<div class=\"Bk\">\n<div class=\"G3 G2\">\n<div>\n<div id=\":na\">\n<div class=\"adn ads\" data-message-id=\"#msg-f:1793448583466987695\" data-legacy-message-id=\"18e39bfc0c7a30af\">\n<div class=\"gs\">\n<div class=\"\">\n<div id=\":nd\" class=\"ii gt\">\n<div id=\":nc\" class=\"a3s aiL \">\n<div>\u00a0<\/div>\n<\/div>\n<\/div>\n<\/div>\n<\/div>\n<\/div>\n<\/div>\n<\/div>\n<\/div>\n<\/div>\n<\/div>\n<\/div>\n<\/div>\n<\/div>\n<\/div>\n<\/div>\n<\/div>\n<\/div>\n<\/div>\n<\/div>\n<\/div>\n<\/div>\n<\/div>\n<\/div>\n<\/div>\n<\/div>\n<\/div>\n<\/div>\n<\/div>\n\n\n<figure class=\"wp-block-audio\"><audio controls src=\"https:\/\/dzwieki.radiopodlasie.pl:8789\/uploads\/2024\/08\/240805_gaudium_xJJ.mp3\"><\/audio><\/figure>\n","protected":false},"excerpt":{"rendered":"<p>Tytu\u0142: Czy da si\u0119 dzisiaj \u017cy\u0107 po Bo\u017cemu w rodzinie? &#8211; audycja Gaudium Et Spes ks. Jacka Ja\u015bkowskiego z 5 sierpnia 2024.<\/p>\n","protected":false},"author":123459,"featured_media":0,"comment_status":"open","ping_status":"open","sticky":false,"template":"","format":"standard","meta":{"om_disable_all_campaigns":false,"_monsterinsights_skip_tracking":false,"_monsterinsights_sitenote_active":false,"_monsterinsights_sitenote_note":"","_monsterinsights_sitenote_category":0,"footnotes":""},"categories":[3606],"tags":[3607],"class_list":["post-23108","post","type-post","status-publish","format-standard","hentry","category-gaudium-et-spes","tag-gaudium-et-spes"],"aioseo_notices":[],"_links":{"self":[{"href":"https:\/\/archiwum.radiopodlasie.pl\/NEW\/wp-json\/wp\/v2\/posts\/23108","targetHints":{"allow":["GET"]}}],"collection":[{"href":"https:\/\/archiwum.radiopodlasie.pl\/NEW\/wp-json\/wp\/v2\/posts"}],"about":[{"href":"https:\/\/archiwum.radiopodlasie.pl\/NEW\/wp-json\/wp\/v2\/types\/post"}],"author":[{"embeddable":true,"href":"https:\/\/archiwum.radiopodlasie.pl\/NEW\/wp-json\/wp\/v2\/users\/123459"}],"replies":[{"embeddable":true,"href":"https:\/\/archiwum.radiopodlasie.pl\/NEW\/wp-json\/wp\/v2\/comments?post=23108"}],"version-history":[{"count":6,"href":"https:\/\/archiwum.radiopodlasie.pl\/NEW\/wp-json\/wp\/v2\/posts\/23108\/revisions"}],"predecessor-version":[{"id":23128,"href":"https:\/\/archiwum.radiopodlasie.pl\/NEW\/wp-json\/wp\/v2\/posts\/23108\/revisions\/23128"}],"wp:attachment":[{"href":"https:\/\/archiwum.radiopodlasie.pl\/NEW\/wp-json\/wp\/v2\/media?parent=23108"}],"wp:term":[{"taxonomy":"category","embeddable":true,"href":"https:\/\/archiwum.radiopodlasie.pl\/NEW\/wp-json\/wp\/v2\/categories?post=23108"},{"taxonomy":"post_tag","embeddable":true,"href":"https:\/\/archiwum.radiopodlasie.pl\/NEW\/wp-json\/wp\/v2\/tags?post=23108"}],"curies":[{"name":"wp","href":"https:\/\/api.w.org\/{rel}","templated":true}]}}