{"id":28867,"date":"2025-11-07T20:10:33","date_gmt":"2025-11-07T19:10:33","guid":{"rendered":"http:\/\/archiwum.radiopodlasie.pl\/NEW\/?p=28867"},"modified":"2025-11-07T20:10:33","modified_gmt":"2025-11-07T19:10:33","slug":"maryjo-chce-zamieszkac-z-toba","status":"publish","type":"post","link":"https:\/\/archiwum.radiopodlasie.pl\/NEW\/2025\/11\/07\/maryjo-chce-zamieszkac-z-toba\/","title":{"rendered":"Maryjo, chc\u0119 zamieszka\u0107 z Tob\u0105"},"content":{"rendered":"<p>Tytu\u0142: Maryjo, chc\u0119 zamieszka\u0107 z Tob\u0105<\/p>\n<p>Autorzy: O. Mariusz Bosek OMI, O. Piotr Radlak OMI<\/p>\n<p>Nazwa audycji: Ty\u015b Nasz\u0105 Kr\u00f3low\u0105<br \/>Data emisji: 07-11-2025<\/p>\n<p>\u201eTy\u015b Nasz\u0105 Kr\u00f3low\u0105\u201d \u2013 to cykl audycji, w kt\u00f3rym z wiar\u0105 i sercem pochylamy si\u0119 nad obecno\u015bci\u0105 Matki Bo\u017cej w \u017cyciu ludzi Ko\u015bcio\u0142a. W pi\u0105tek 7 listopada odby\u0142a si\u0119 audycja zatytu\u0142owana &#8222;Maryjo chc\u0119 zamieszka\u0107 z Tob\u0105&#8221;.<\/p>\n<p>Go\u015b\u0107mi audycji byli nowi oblaci &#8211; O. Andrzej Madej OMI \u2013 Wieloletni prze\u0142o\u017cony misji \u201eSui Iuris\u201d w Turkmenistanie oraz Br. Dariusz Wais OMI \u2013 Brat zakonny pracuj\u0105cy w Polsce i za granic\u0105. Ojcowie Oblaci podzielili si\u0119 swoimi pierwszymi wra\u017ceniami z Kodnia, do\u015bwiadczeniem pos\u0142ugi i odkrywaniem nowej misji jako daru od Boga.<\/p>\n<p>W audycji poznacie ich bli\u017cej \u2013 kim s\u0105, sk\u0105d przybyli i jak wygl\u0105da\u0142a ich droga powo\u0142ania. Go\u015bcie opowiadali o swoich pierwszych wra\u017ceniach z kode\u0144skiego sanktuarium: co ich zaskoczy\u0142o, co urzek\u0142o i jak odnajduj\u0105 si\u0119 w nowej wsp\u00f3lnocie. By\u0142 te\u017c czas na refleksj\u0119 nad tym, co si\u0119 zmieni\u0142o od poprzednich pobyt\u00f3w w Kodniu, je\u015bli ju\u017c tu wcze\u015bniej bywali, oraz nad tym, jak nowa pos\u0142uga r\u00f3\u017cni si\u0119 od wcze\u015bniejszych do\u015bwiadcze\u0144 misyjnych i duszpasterskich.<\/p>\n<p>Czy nowa misja to r\u00f3wnie\u017c nowy dar dla nich? Jak Matka Bo\u017ca Kode\u0144ska prowadzi ich przez pierwsze dni w nowym miejscu? Na te i inne pytania odpowiadali oblaci, dziel\u0105c si\u0119 \u015bwiadectwem wiary, s\u0142u\u017cby i zaufania Maryi.<\/p>\n<p>Audycj\u0119 poprowadzili: O. Piotr Radlak OMI, O. Mariusz Bosek OMI.<\/p>\n\n\n<figure class=\"wp-block-image size-large\"><img loading=\"lazy\" decoding=\"async\" width=\"1024\" height=\"845\" src=\"https:\/\/archiwum.radiopodlasie.pl\/NEW\/wp-content\/uploads\/2025\/11\/u2pz9xZG-1024x845.jpg\" alt=\"\" class=\"wp-image-28935\" srcset=\"https:\/\/archiwum.radiopodlasie.pl\/NEW\/wp-content\/uploads\/2025\/11\/u2pz9xZG-1024x845.jpg 1024w, https:\/\/archiwum.radiopodlasie.pl\/NEW\/wp-content\/uploads\/2025\/11\/u2pz9xZG-300x248.jpg 300w, https:\/\/archiwum.radiopodlasie.pl\/NEW\/wp-content\/uploads\/2025\/11\/u2pz9xZG-768x634.jpg 768w, https:\/\/archiwum.radiopodlasie.pl\/NEW\/wp-content\/uploads\/2025\/11\/u2pz9xZG-1536x1268.jpg 1536w, https:\/\/archiwum.radiopodlasie.pl\/NEW\/wp-content\/uploads\/2025\/11\/u2pz9xZG.jpg 2048w\" sizes=\"auto, (max-width: 1024px) 100vw, 1024px\" \/><\/figure>\n\n\n\n<figure class=\"wp-block-audio\"><audio controls src=\"https:\/\/dzwieki.radiopodlasie.pl:8789\/uploads\/2025\/11\/251107_koden.mp3\"><\/audio><\/figure>\n","protected":false},"excerpt":{"rendered":"<p>Tytu\u0142: Maryjo, chc\u0119 zamieszka\u0107 z Tob\u0105 Autorzy: O. Mariusz Bosek OMI, O. Piotr Radlak OMI Nazwa audycji: Ty\u015b Nasz\u0105 Kr\u00f3low\u0105Data emisji: 07-11-2025 \u201eTy\u015b Nasz\u0105 Kr\u00f3low\u0105\u201d \u2013 to cykl audycji, w kt\u00f3rym z wiar\u0105 i&#46;&#46;&#46;<\/p>\n","protected":false},"author":123459,"featured_media":24216,"comment_status":"open","ping_status":"open","sticky":false,"template":"","format":"standard","meta":{"om_disable_all_campaigns":false,"_monsterinsights_skip_tracking":false,"_monsterinsights_sitenote_active":false,"_monsterinsights_sitenote_note":"","_monsterinsights_sitenote_category":0,"footnotes":""},"categories":[3596],"tags":[748,3789],"class_list":["post-28867","post","type-post","status-publish","format-standard","has-post-thumbnail","hentry","category-tys-nasza-krolowa","tag-koden","tag-oblaci"],"aioseo_notices":[],"_links":{"self":[{"href":"https:\/\/archiwum.radiopodlasie.pl\/NEW\/wp-json\/wp\/v2\/posts\/28867","targetHints":{"allow":["GET"]}}],"collection":[{"href":"https:\/\/archiwum.radiopodlasie.pl\/NEW\/wp-json\/wp\/v2\/posts"}],"about":[{"href":"https:\/\/archiwum.radiopodlasie.pl\/NEW\/wp-json\/wp\/v2\/types\/post"}],"author":[{"embeddable":true,"href":"https:\/\/archiwum.radiopodlasie.pl\/NEW\/wp-json\/wp\/v2\/users\/123459"}],"replies":[{"embeddable":true,"href":"https:\/\/archiwum.radiopodlasie.pl\/NEW\/wp-json\/wp\/v2\/comments?post=28867"}],"version-history":[{"count":2,"href":"https:\/\/archiwum.radiopodlasie.pl\/NEW\/wp-json\/wp\/v2\/posts\/28867\/revisions"}],"predecessor-version":[{"id":28936,"href":"https:\/\/archiwum.radiopodlasie.pl\/NEW\/wp-json\/wp\/v2\/posts\/28867\/revisions\/28936"}],"wp:featuredmedia":[{"embeddable":true,"href":"https:\/\/archiwum.radiopodlasie.pl\/NEW\/wp-json\/wp\/v2\/media\/24216"}],"wp:attachment":[{"href":"https:\/\/archiwum.radiopodlasie.pl\/NEW\/wp-json\/wp\/v2\/media?parent=28867"}],"wp:term":[{"taxonomy":"category","embeddable":true,"href":"https:\/\/archiwum.radiopodlasie.pl\/NEW\/wp-json\/wp\/v2\/categories?post=28867"},{"taxonomy":"post_tag","embeddable":true,"href":"https:\/\/archiwum.radiopodlasie.pl\/NEW\/wp-json\/wp\/v2\/tags?post=28867"}],"curies":[{"name":"wp","href":"https:\/\/api.w.org\/{rel}","templated":true}]}}