{"id":29411,"date":"2025-12-09T17:15:00","date_gmt":"2025-12-09T16:15:00","guid":{"rendered":"https:\/\/archiwum.radiopodlasie.pl\/NEW\/?p=29411"},"modified":"2025-12-12T15:15:37","modified_gmt":"2025-12-12T14:15:37","slug":"przyszlosc-siedleckiego-sportu-w-latach-2026-2029","status":"publish","type":"post","link":"https:\/\/archiwum.radiopodlasie.pl\/NEW\/2025\/12\/09\/przyszlosc-siedleckiego-sportu-w-latach-2026-2029\/","title":{"rendered":"Przysz\u0142o\u015b\u0107 siedleckiego sportu w latach 2026-2029?"},"content":{"rendered":"<p>Tytu\u0142: Przysz\u0142o\u015b\u0107 siedleckiego sportu w latach 2026-2029?<\/p>\n<p>Autor: Katarzyna Chaci\u0144ska<\/p>\n<p>Nazwa audycji: <strong><span style=\"color: #339966;\">Wywiady<\/span><\/strong><br \/>Data emisji: 09-12-2025<\/p>\n<p>Siedlce jako miasto sportu postrzegane jest ju\u017c niemal od pocz\u0105tk\u00f3w XX wieku. Obecnie dzia\u0142alno\u015b\u0107 w zakresie sportu i rekreacji prowadzi kilkana\u015bcie stowarzysze\u0144 sportowych i ponad 20 uczniowskich klub\u00f3w sportowych. Wmie\u015bcie rozwija si\u0119 przede wszystkim pi\u0142ka no\u017cna, koszyk\u00f3wka, rugby, siatk\u00f3wka, lekkoatletyka, a ostatnie nawet podnoszenie ci\u0119\u017car\u00f3w czy narciarstwo biegowe.<\/p>\n<p>W opublikowanym w listopadzie Biuletynie Informacji Publicznej Miasta Siedlce pojawi\u0142o si\u0119 zarz\u0105dzenie Prezydenta Miasta Siedlce w sprawie naboru wniosk\u00f3w o przyznanie dotacji na wsparcie zada\u0144 z zakresu rozwoju sportu w latach 2026-29. W 2026 roku i latach nast\u0119pnych, pula \u015brodk\u00f3w na rozw\u00f3j sportu zar\u00f3wno u dzieci i m\u0142odzie\u017cy , doros\u0142ych i senior\u00f3w ma wzrosn\u0105\u0107 o kolosalne kwoty.<\/p>\n<p>Katarzyna Chaci\u0144ska rozmawia\u0142a z Tomaszem Hapunowiczem, Prezydentem Miasta Siedlce na temat dalszego rozwoju sportowego miasta i planowanych inwestycji w sport.<\/p>\n\n\n<figure class=\"wp-block-audio\"><audio controls src=\"https:\/\/dzwieki.radiopodlasie.pl:8789\/uploads\/2025\/12\/251209_kch_09_sport_prezydent.mp3\"><\/audio><\/figure>\n\n\n\n<p>II cz\u0119\u015b\u0107 rozmowy z Tomaszem Hapunowiczem, Prezydentem Miasta Siedlce o rozwoju sportu w Siedlcach pod koniec tygodnia w Dzie\u0144 Dobry Podlasie.<\/p>\n","protected":false},"excerpt":{"rendered":"<p>Tytu\u0142: Przysz\u0142o\u015b\u0107 siedleckiego sportu w latach 2026-2029? Autor: Katarzyna Chaci\u0144ska Nazwa audycji: WywiadyData emisji: 09-12-2025 Siedlce jako miasto sportu postrzegane jest ju\u017c niemal od pocz\u0105tk\u00f3w XX wieku. Obecnie dzia\u0142alno\u015b\u0107 w zakresie sportu i rekreacji&#46;&#46;&#46;<\/p>\n","protected":false},"author":123459,"featured_media":5184,"comment_status":"open","ping_status":"open","sticky":false,"template":"","format":"standard","meta":{"om_disable_all_campaigns":false,"_monsterinsights_skip_tracking":false,"_monsterinsights_sitenote_active":false,"_monsterinsights_sitenote_note":"","_monsterinsights_sitenote_category":0,"footnotes":""},"categories":[3528,320],"tags":[3712,179,248],"class_list":["post-29411","post","type-post","status-publish","format-standard","has-post-thumbnail","hentry","category-katarzyna-chacinska","category-wywiady","tag-katarzyna-chacinska","tag-siedlce","tag-tomasz-hapunowicz"],"aioseo_notices":[],"_links":{"self":[{"href":"https:\/\/archiwum.radiopodlasie.pl\/NEW\/wp-json\/wp\/v2\/posts\/29411","targetHints":{"allow":["GET"]}}],"collection":[{"href":"https:\/\/archiwum.radiopodlasie.pl\/NEW\/wp-json\/wp\/v2\/posts"}],"about":[{"href":"https:\/\/archiwum.radiopodlasie.pl\/NEW\/wp-json\/wp\/v2\/types\/post"}],"author":[{"embeddable":true,"href":"https:\/\/archiwum.radiopodlasie.pl\/NEW\/wp-json\/wp\/v2\/users\/123459"}],"replies":[{"embeddable":true,"href":"https:\/\/archiwum.radiopodlasie.pl\/NEW\/wp-json\/wp\/v2\/comments?post=29411"}],"version-history":[{"count":2,"href":"https:\/\/archiwum.radiopodlasie.pl\/NEW\/wp-json\/wp\/v2\/posts\/29411\/revisions"}],"predecessor-version":[{"id":29413,"href":"https:\/\/archiwum.radiopodlasie.pl\/NEW\/wp-json\/wp\/v2\/posts\/29411\/revisions\/29413"}],"wp:featuredmedia":[{"embeddable":true,"href":"https:\/\/archiwum.radiopodlasie.pl\/NEW\/wp-json\/wp\/v2\/media\/5184"}],"wp:attachment":[{"href":"https:\/\/archiwum.radiopodlasie.pl\/NEW\/wp-json\/wp\/v2\/media?parent=29411"}],"wp:term":[{"taxonomy":"category","embeddable":true,"href":"https:\/\/archiwum.radiopodlasie.pl\/NEW\/wp-json\/wp\/v2\/categories?post=29411"},{"taxonomy":"post_tag","embeddable":true,"href":"https:\/\/archiwum.radiopodlasie.pl\/NEW\/wp-json\/wp\/v2\/tags?post=29411"}],"curies":[{"name":"wp","href":"https:\/\/api.w.org\/{rel}","templated":true}]}}