{"id":29466,"date":"2025-12-13T09:00:00","date_gmt":"2025-12-13T08:00:00","guid":{"rendered":"https:\/\/archiwum.radiopodlasie.pl\/NEW\/?p=29466"},"modified":"2025-12-15T07:47:28","modified_gmt":"2025-12-15T06:47:28","slug":"audycja-z-polszczyzna-na-ty-z-13-grudnia-2025","status":"publish","type":"post","link":"https:\/\/archiwum.radiopodlasie.pl\/NEW\/2025\/12\/13\/audycja-z-polszczyzna-na-ty-z-13-grudnia-2025\/","title":{"rendered":"Audycja &#8222;Z polszczyzn\u0105 na Ty&#8221; z 13 grudnia 2025"},"content":{"rendered":"<p>Tytu\u0142: Audycja &#8222;Z polszczyzn\u0105 na Ty&#8221; z 13 grudnia 2025<\/p>\n<p>Autor<strong>: Wies\u0142awa Kwiek<\/strong><\/p>\n<p>Nazwa audycji: <strong>Z polszczyzn\u0105 na Ty<\/strong><br \/>Data emisji: 13-12-2025<\/p>\n<p>Czy zastanawiali\u015bcie si\u0119 kiedy\u015b, sk\u0105d wzi\u0119\u0142y si\u0119 niekt\u00f3re wyra\u017cenia, nazwy miejsc czy przedmioty, kt\u00f3rych u\u017cywamy na co dzie\u0144? I dlaczego w og\u00f3le istniej\u0105? W dzisiejszym odcinku audycji Z polszczyzn\u0105 na Ty zabierzemy Was w podr\u00f3\u017c przez j\u0119zyk, \u015blady przesz\u0142o\u015bci i tajemnice s\u0142\u00f3w. Dowiemy si\u0119, gdzie co\u015b by\u0142o i czemu to s\u0142u\u017cy\u0142o \u2013 a przy okazji przekonamy si\u0119, jak historia j\u0119zyka wp\u0142ywa na nasze dzisiejsze \u017cycie. Zaprasza Wies\u0142awa Kwiek.<\/p>\n\n\n<figure class=\"wp-block-audio\"><audio controls src=\"https:\/\/dzwieki.radiopodlasie.pl:8789\/uploads\/2025\/12\/251213_pkry_z_polszczyzna_na_ty_1312.mp3\"><\/audio><\/figure>\n","protected":false},"excerpt":{"rendered":"<p>Tytu\u0142: Audycja &#8222;Z polszczyzn\u0105 na Ty&#8221; z 13 grudnia 2025 Autor: Wies\u0142awa Kwiek Nazwa audycji: Z polszczyzn\u0105 na TyData emisji: 13-12-2025 Czy zastanawiali\u015bcie si\u0119 kiedy\u015b, sk\u0105d wzi\u0119\u0142y si\u0119 niekt\u00f3re wyra\u017cenia, nazwy miejsc czy przedmioty,&#46;&#46;&#46;<\/p>\n","protected":false},"author":123459,"featured_media":26760,"comment_status":"open","ping_status":"open","sticky":false,"template":"","format":"standard","meta":{"om_disable_all_campaigns":false,"_monsterinsights_skip_tracking":false,"_monsterinsights_sitenote_active":false,"_monsterinsights_sitenote_note":"","_monsterinsights_sitenote_category":0,"footnotes":""},"categories":[4139],"tags":[2701,4140],"class_list":["post-29466","post","type-post","status-publish","format-standard","has-post-thumbnail","hentry","category-z-polszczyzna-na-ty","tag-wieslawa-kwiek","tag-z-polszczyzna-na-ty"],"aioseo_notices":[],"_links":{"self":[{"href":"https:\/\/archiwum.radiopodlasie.pl\/NEW\/wp-json\/wp\/v2\/posts\/29466","targetHints":{"allow":["GET"]}}],"collection":[{"href":"https:\/\/archiwum.radiopodlasie.pl\/NEW\/wp-json\/wp\/v2\/posts"}],"about":[{"href":"https:\/\/archiwum.radiopodlasie.pl\/NEW\/wp-json\/wp\/v2\/types\/post"}],"author":[{"embeddable":true,"href":"https:\/\/archiwum.radiopodlasie.pl\/NEW\/wp-json\/wp\/v2\/users\/123459"}],"replies":[{"embeddable":true,"href":"https:\/\/archiwum.radiopodlasie.pl\/NEW\/wp-json\/wp\/v2\/comments?post=29466"}],"version-history":[{"count":1,"href":"https:\/\/archiwum.radiopodlasie.pl\/NEW\/wp-json\/wp\/v2\/posts\/29466\/revisions"}],"predecessor-version":[{"id":29467,"href":"https:\/\/archiwum.radiopodlasie.pl\/NEW\/wp-json\/wp\/v2\/posts\/29466\/revisions\/29467"}],"wp:featuredmedia":[{"embeddable":true,"href":"https:\/\/archiwum.radiopodlasie.pl\/NEW\/wp-json\/wp\/v2\/media\/26760"}],"wp:attachment":[{"href":"https:\/\/archiwum.radiopodlasie.pl\/NEW\/wp-json\/wp\/v2\/media?parent=29466"}],"wp:term":[{"taxonomy":"category","embeddable":true,"href":"https:\/\/archiwum.radiopodlasie.pl\/NEW\/wp-json\/wp\/v2\/categories?post=29466"},{"taxonomy":"post_tag","embeddable":true,"href":"https:\/\/archiwum.radiopodlasie.pl\/NEW\/wp-json\/wp\/v2\/tags?post=29466"}],"curies":[{"name":"wp","href":"https:\/\/api.w.org\/{rel}","templated":true}]}}