{"id":29468,"date":"2025-12-13T09:57:00","date_gmt":"2025-12-13T08:57:00","guid":{"rendered":"https:\/\/archiwum.radiopodlasie.pl\/NEW\/?p=29468"},"modified":"2025-12-15T08:38:44","modified_gmt":"2025-12-15T07:38:44","slug":"rozmowa-z-aleksandra-rykala","status":"publish","type":"post","link":"https:\/\/archiwum.radiopodlasie.pl\/NEW\/2025\/12\/13\/rozmowa-z-aleksandra-rykala\/","title":{"rendered":"Rozmowa z Aleksandr\u0105 Ryka\u0142\u0105"},"content":{"rendered":"<p>Tytu\u0142: Rozmowa z Aleksandr\u0105 Ryka\u0142\u0105<\/p>\n<p>Autor: Pawe\u0142 Kryszczuk<\/p>\n<p>Nazwa audycji: <strong><span style=\"color: #339966;\">Wywiady, Go\u015b\u0107 Wolnej Soboty<\/span><\/strong><br \/>Data emisji: 13-12-2025<\/p>\n<p>10 grudnia w Muzeum Diecezjalnym w Siedlcach odby\u0142 si\u0119 wernisa\u017c wyj\u0105tkowej wystawy indywidualnej \u201eW \u015aWIETLE KORZENI\u201d. Jej autork\u0105 jest Aleksandra Ryka\u0142a \u2014 artystka, malarka, graficzka, pedagog i badaczka.<br \/>W rozmowie z Paw\u0142em Kryszczukiem, Aleksandra Ryka\u0142a opowiedzia\u0142a o swojej drodze do sztuki, fascynacjach Barcelon\u0105, procesie tw\u00f3rczym i wyj\u0105tkowym dialogu mi\u0119dzy \u015bwiat\u0142em a cieniem, kt\u00f3ry kryje si\u0119 w jej obrazach. Dowiemy si\u0119 te\u017c, jak \u0142\u0105czy prac\u0119 artystyczn\u0105 z dydaktyk\u0105 i co sprawia, \u017ce jej sztuka porusza zar\u00f3wno materi\u0119, jak i duchowo\u015b\u0107.<br \/>Zapraszamy do wys\u0142uchania wywiadu oraz odwiedzenia wystawy \u201eW \u015aWIETLE KORZENI\u201d, kt\u00f3r\u0105 b\u0119dzie mo\u017cna ogl\u0105da\u0107 do 31 stycznia 2026 roku.<\/p>\n\n\n<figure class=\"wp-block-audio\"><audio controls src=\"https:\/\/dzwieki.radiopodlasie.pl:8789\/uploads\/2025\/12\/251213_gws_pkry_ola_rykala.mp3\"><\/audio><\/figure>\n","protected":false},"excerpt":{"rendered":"<p>Tytu\u0142: Rozmowa z Aleksandr\u0105 Ryka\u0142\u0105 Autor: Pawe\u0142 Kryszczuk Nazwa audycji: Wywiady, Go\u015b\u0107 Wolnej SobotyData emisji: 13-12-2025 10 grudnia w Muzeum Diecezjalnym w Siedlcach odby\u0142 si\u0119 wernisa\u017c wyj\u0105tkowej wystawy indywidualnej \u201eW \u015aWIETLE KORZENI\u201d. Jej autork\u0105&#46;&#46;&#46;<\/p>\n","protected":false},"author":123459,"featured_media":6247,"comment_status":"open","ping_status":"open","sticky":false,"template":"","format":"standard","meta":{"om_disable_all_campaigns":false,"_monsterinsights_skip_tracking":false,"_monsterinsights_sitenote_active":false,"_monsterinsights_sitenote_note":"","_monsterinsights_sitenote_category":0,"footnotes":""},"categories":[3536,567,320],"tags":[4473,294],"class_list":["post-29468","post","type-post","status-publish","format-standard","has-post-thumbnail","hentry","category-gosc-wolnej-soboty","category-pawel-kryszczuk","category-wywiady","tag-aleksandra-rykala","tag-pawel-kryszczuk"],"aioseo_notices":[],"_links":{"self":[{"href":"https:\/\/archiwum.radiopodlasie.pl\/NEW\/wp-json\/wp\/v2\/posts\/29468","targetHints":{"allow":["GET"]}}],"collection":[{"href":"https:\/\/archiwum.radiopodlasie.pl\/NEW\/wp-json\/wp\/v2\/posts"}],"about":[{"href":"https:\/\/archiwum.radiopodlasie.pl\/NEW\/wp-json\/wp\/v2\/types\/post"}],"author":[{"embeddable":true,"href":"https:\/\/archiwum.radiopodlasie.pl\/NEW\/wp-json\/wp\/v2\/users\/123459"}],"replies":[{"embeddable":true,"href":"https:\/\/archiwum.radiopodlasie.pl\/NEW\/wp-json\/wp\/v2\/comments?post=29468"}],"version-history":[{"count":2,"href":"https:\/\/archiwum.radiopodlasie.pl\/NEW\/wp-json\/wp\/v2\/posts\/29468\/revisions"}],"predecessor-version":[{"id":29470,"href":"https:\/\/archiwum.radiopodlasie.pl\/NEW\/wp-json\/wp\/v2\/posts\/29468\/revisions\/29470"}],"wp:featuredmedia":[{"embeddable":true,"href":"https:\/\/archiwum.radiopodlasie.pl\/NEW\/wp-json\/wp\/v2\/media\/6247"}],"wp:attachment":[{"href":"https:\/\/archiwum.radiopodlasie.pl\/NEW\/wp-json\/wp\/v2\/media?parent=29468"}],"wp:term":[{"taxonomy":"category","embeddable":true,"href":"https:\/\/archiwum.radiopodlasie.pl\/NEW\/wp-json\/wp\/v2\/categories?post=29468"},{"taxonomy":"post_tag","embeddable":true,"href":"https:\/\/archiwum.radiopodlasie.pl\/NEW\/wp-json\/wp\/v2\/tags?post=29468"}],"curies":[{"name":"wp","href":"https:\/\/api.w.org\/{rel}","templated":true}]}}