{"id":29473,"date":"2025-12-13T11:57:00","date_gmt":"2025-12-13T10:57:00","guid":{"rendered":"https:\/\/archiwum.radiopodlasie.pl\/NEW\/?p=29473"},"modified":"2025-12-15T08:59:38","modified_gmt":"2025-12-15T07:59:38","slug":"audycja-na-podlaskim-trakcie-literackim-z-13-grudnia-2025","status":"publish","type":"post","link":"https:\/\/archiwum.radiopodlasie.pl\/NEW\/2025\/12\/13\/audycja-na-podlaskim-trakcie-literackim-z-13-grudnia-2025\/","title":{"rendered":"Audycja &#8222;Na Podlaskim Trakcie Literackim&#8221; z 13 grudnia 2025"},"content":{"rendered":"<p>Tytu\u0142: Audycja &#8222;Na Podlaskim Trakcie Literackim&#8221; z 13 grudnia 2025<\/p>\n<p>Autor<strong>: Artur Ziontek<br \/><\/strong><\/p>\n<p>Nazwa audycji: <strong>Na Podlaskim Trakcie Literackim<\/strong><br \/>Data emisji: 13-12-2025<\/p>\n<p>Das Album Piotra Strza\u0142kowskiego to jedna z najbardziej tajemniczych ksi\u0105\u017cek z Podlasiem w tle. Gor\u0105co j\u0105 polecam. Zaprasza Artur Ziontek.<\/p>\n\n\n<figure class=\"wp-block-audio\"><audio controls src=\"https:\/\/dzwieki.radiopodlasie.pl:8789\/uploads\/2025\/12\/251213_pkry_trakt_1312.mp3\"><\/audio><\/figure>\n","protected":false},"excerpt":{"rendered":"<p>Tytu\u0142: Audycja &#8222;Na Podlaskim Trakcie Literackim&#8221; z 13 grudnia 2025 Autor: Artur Ziontek Nazwa audycji: Na Podlaskim Trakcie LiterackimData emisji: 13-12-2025 Das Album Piotra Strza\u0142kowskiego to jedna z najbardziej tajemniczych ksi\u0105\u017cek z Podlasiem w&#46;&#46;&#46;<\/p>\n","protected":false},"author":123459,"featured_media":22204,"comment_status":"open","ping_status":"open","sticky":false,"template":"","format":"standard","meta":{"om_disable_all_campaigns":false,"_monsterinsights_skip_tracking":false,"_monsterinsights_sitenote_active":false,"_monsterinsights_sitenote_note":"","_monsterinsights_sitenote_category":0,"footnotes":""},"categories":[3648],"tags":[1750],"class_list":["post-29473","post","type-post","status-publish","format-standard","has-post-thumbnail","hentry","category-na-podlaskim-trakcie-literackim","tag-artur-ziontek"],"aioseo_notices":[],"_links":{"self":[{"href":"https:\/\/archiwum.radiopodlasie.pl\/NEW\/wp-json\/wp\/v2\/posts\/29473","targetHints":{"allow":["GET"]}}],"collection":[{"href":"https:\/\/archiwum.radiopodlasie.pl\/NEW\/wp-json\/wp\/v2\/posts"}],"about":[{"href":"https:\/\/archiwum.radiopodlasie.pl\/NEW\/wp-json\/wp\/v2\/types\/post"}],"author":[{"embeddable":true,"href":"https:\/\/archiwum.radiopodlasie.pl\/NEW\/wp-json\/wp\/v2\/users\/123459"}],"replies":[{"embeddable":true,"href":"https:\/\/archiwum.radiopodlasie.pl\/NEW\/wp-json\/wp\/v2\/comments?post=29473"}],"version-history":[{"count":1,"href":"https:\/\/archiwum.radiopodlasie.pl\/NEW\/wp-json\/wp\/v2\/posts\/29473\/revisions"}],"predecessor-version":[{"id":29474,"href":"https:\/\/archiwum.radiopodlasie.pl\/NEW\/wp-json\/wp\/v2\/posts\/29473\/revisions\/29474"}],"wp:featuredmedia":[{"embeddable":true,"href":"https:\/\/archiwum.radiopodlasie.pl\/NEW\/wp-json\/wp\/v2\/media\/22204"}],"wp:attachment":[{"href":"https:\/\/archiwum.radiopodlasie.pl\/NEW\/wp-json\/wp\/v2\/media?parent=29473"}],"wp:term":[{"taxonomy":"category","embeddable":true,"href":"https:\/\/archiwum.radiopodlasie.pl\/NEW\/wp-json\/wp\/v2\/categories?post=29473"},{"taxonomy":"post_tag","embeddable":true,"href":"https:\/\/archiwum.radiopodlasie.pl\/NEW\/wp-json\/wp\/v2\/tags?post=29473"}],"curies":[{"name":"wp","href":"https:\/\/api.w.org\/{rel}","templated":true}]}}