{"id":29477,"date":"2025-12-14T09:55:00","date_gmt":"2025-12-14T08:55:00","guid":{"rendered":"https:\/\/archiwum.radiopodlasie.pl\/NEW\/?p=29477"},"modified":"2025-12-15T09:29:53","modified_gmt":"2025-12-15T08:29:53","slug":"czytania-na-iii-niedziele-adwentu-6","status":"publish","type":"post","link":"https:\/\/archiwum.radiopodlasie.pl\/NEW\/2025\/12\/14\/czytania-na-iii-niedziele-adwentu-6\/","title":{"rendered":"Czytania na III NIEDZIEL\u0118 ADWENTU"},"content":{"rendered":"\n<p>Tytu\u0142<strong>: <\/strong> <strong>Czytania na III NIEDZIEL\u0118 ADWENTU<\/strong><\/p>\n\n\n\n<p>Autor: <strong>Joanna Kuczborska,<\/strong> ks. Kamil Duszek<\/p>\n\n\n\n<p><strong><span style=\"color: #339966\">Nazwa audycji: Katolik w \u015bwiecie &#8211; instrukcja obs\u0142ugi<\/span><\/strong><\/p>\n\n\n\n<p><\/p>\n\n\n\n<p>Data emisji: 14-12-2025 r.<\/p>\n\n\n\n<p>Iz 35,1-6a.10 Ps 146 Jk 5,7-10 Mt 11,2-11<br>Niech si\u0119 rozwesel\u0105 pustynia i spieczona ziemia, niech si\u0119 raduje step i niech rozkwitnie! (..) Powiedzcie ma\u0142odusznym: \u00abOdwagi! Nie b\u00f3jcie si\u0119! Oto wasz B\u00f3g, oto pomsta; przychodzi Bo\u017ca odp\u0142ata; On sam przychodzi, by was zbawi\u0107\u00bb.<br>\u201eTrwajcie cierpliwie, bracia, a\u017c do przyj\u015bcia Pana. (..) Nie uskar\u017cajcie si\u0119, bracia, jeden na drugiego\u2026 \u201e<br>Gdy Jan us\u0142ysza\u0142 w wi\u0119zieniu o czynach Chrystusa, pos\u0142a\u0142 swoich uczni\u00f3w z zapytaniem: \u00abCzy Ty jeste\u015b Tym, kt\u00f3ry ma przyj\u015b\u0107, czy te\u017c innego mamy oczekiwa\u0107?\u00bb<\/p>\n\n\n\n<figure class=\"wp-block-audio\"><audio controls src=\"https:\/\/dzwieki.radiopodlasie.pl:8789\/uploads\/2025\/12\/251214_katolik_JK_xDuszek.mp3\"><\/audio><\/figure>\n","protected":false},"excerpt":{"rendered":"<p>Tytu\u0142: Czytania na III NIEDZIEL\u0118 ADWENTU Autor: Joanna Kuczborska, ks. Kamil Duszek Nazwa audycji: Katolik w \u015bwiecie &#8211; instrukcja obs\u0142ugi Data emisji: 14-12-2025 r. Iz 35,1-6a.10 Ps 146 Jk 5,7-10 Mt 11,2-11Niech si\u0119 rozwesel\u0105&#46;&#46;&#46;<\/p>\n","protected":false},"author":123459,"featured_media":5933,"comment_status":"open","ping_status":"open","sticky":false,"template":"","format":"standard","meta":{"om_disable_all_campaigns":false,"_monsterinsights_skip_tracking":false,"_monsterinsights_sitenote_active":false,"_monsterinsights_sitenote_note":"","_monsterinsights_sitenote_category":0,"footnotes":""},"categories":[1700],"tags":[1809,85],"class_list":["post-29477","post","type-post","status-publish","format-standard","has-post-thumbnail","hentry","category-katolik-w-swiecie-instrukcja-obslugi","tag-katolik","tag-niedziela"],"aioseo_notices":[],"_links":{"self":[{"href":"https:\/\/archiwum.radiopodlasie.pl\/NEW\/wp-json\/wp\/v2\/posts\/29477","targetHints":{"allow":["GET"]}}],"collection":[{"href":"https:\/\/archiwum.radiopodlasie.pl\/NEW\/wp-json\/wp\/v2\/posts"}],"about":[{"href":"https:\/\/archiwum.radiopodlasie.pl\/NEW\/wp-json\/wp\/v2\/types\/post"}],"author":[{"embeddable":true,"href":"https:\/\/archiwum.radiopodlasie.pl\/NEW\/wp-json\/wp\/v2\/users\/123459"}],"replies":[{"embeddable":true,"href":"https:\/\/archiwum.radiopodlasie.pl\/NEW\/wp-json\/wp\/v2\/comments?post=29477"}],"version-history":[{"count":1,"href":"https:\/\/archiwum.radiopodlasie.pl\/NEW\/wp-json\/wp\/v2\/posts\/29477\/revisions"}],"predecessor-version":[{"id":29478,"href":"https:\/\/archiwum.radiopodlasie.pl\/NEW\/wp-json\/wp\/v2\/posts\/29477\/revisions\/29478"}],"wp:featuredmedia":[{"embeddable":true,"href":"https:\/\/archiwum.radiopodlasie.pl\/NEW\/wp-json\/wp\/v2\/media\/5933"}],"wp:attachment":[{"href":"https:\/\/archiwum.radiopodlasie.pl\/NEW\/wp-json\/wp\/v2\/media?parent=29477"}],"wp:term":[{"taxonomy":"category","embeddable":true,"href":"https:\/\/archiwum.radiopodlasie.pl\/NEW\/wp-json\/wp\/v2\/categories?post=29477"},{"taxonomy":"post_tag","embeddable":true,"href":"https:\/\/archiwum.radiopodlasie.pl\/NEW\/wp-json\/wp\/v2\/tags?post=29477"}],"curies":[{"name":"wp","href":"https:\/\/api.w.org\/{rel}","templated":true}]}}