{"id":29479,"date":"2025-12-13T15:10:00","date_gmt":"2025-12-13T14:10:00","guid":{"rendered":"https:\/\/archiwum.radiopodlasie.pl\/NEW\/?p=29479"},"modified":"2025-12-15T10:10:28","modified_gmt":"2025-12-15T09:10:28","slug":"warsztaty-kulinarne-podczas-5-kiermaszu-bozonarodzeniowego-w-drohiczynie","status":"publish","type":"post","link":"https:\/\/archiwum.radiopodlasie.pl\/NEW\/2025\/12\/13\/warsztaty-kulinarne-podczas-5-kiermaszu-bozonarodzeniowego-w-drohiczynie\/","title":{"rendered":"Warsztaty kulinarne podczas 5. Kiermaszu Bo\u017conarodzeniowego w Drohiczynie"},"content":{"rendered":"<p>Tytu\u0142<strong>: Warsztaty kulinarne podczas 5. Kiermaszu Bo\u017conarodzeniowego w Drohiczynie<\/strong><\/p>\n<p>Autor: Agnieszka Bolewska-Iwaniuk<\/p>\n<p>Nazwa audycji: <strong><span style=\"color: #339966;\">Wywiady<\/span><\/strong><br \/>Data emisji: 13-12-2025<\/p>\n<p>O kiermaszu \u201e\u015awi\u0119ta tu\u017c, tu\u017c\u201d, kt\u00f3ry przed tygodniem odby\u0142 si\u0119 w Nadbu\u017ca\u0144skim Centrum Promocji Produktu Lokalnego \u201eZagubek\u201d w Drohiczynie, opowiadali\u015bmy ju\u017c na naszej antenie. Na deser zostawili\u015bmy jeszcze jedn\u0105 ods\u0142on\u0119 kiermaszu, w zagubkowej kuchni odby\u0142y si\u0119 warsztaty kulinarne. <br \/>O wigilijno \u2013 \u015bwi\u0105tecznych smakach opowie Agnieszka Bolewska-Iwaniuk, kt\u00f3ra b\u0119d\u0105 w Drohiczynie, oczywi\u015bcie zajrza\u0142a do Zagumka i kipiacej smakami kuchni.<\/p>\n\n\n<figure class=\"wp-block-image size-large\"><img loading=\"lazy\" decoding=\"async\" width=\"1024\" height=\"683\" src=\"http:\/\/archiwum.radiopodlasie.pl\/NEW\/wp-content\/uploads\/2025\/12\/abol_07_drohiczyn-kiermasz-42-1024x683.jpg\" alt=\"\" class=\"wp-image-29481\" srcset=\"https:\/\/archiwum.radiopodlasie.pl\/NEW\/wp-content\/uploads\/2025\/12\/abol_07_drohiczyn-kiermasz-42-1024x683.jpg 1024w, https:\/\/archiwum.radiopodlasie.pl\/NEW\/wp-content\/uploads\/2025\/12\/abol_07_drohiczyn-kiermasz-42-300x200.jpg 300w, https:\/\/archiwum.radiopodlasie.pl\/NEW\/wp-content\/uploads\/2025\/12\/abol_07_drohiczyn-kiermasz-42-768x512.jpg 768w, https:\/\/archiwum.radiopodlasie.pl\/NEW\/wp-content\/uploads\/2025\/12\/abol_07_drohiczyn-kiermasz-42.jpg 1200w\" sizes=\"auto, (max-width: 1024px) 100vw, 1024px\" \/><\/figure>\n\n\n\n<figure class=\"wp-block-audio\"><audio controls src=\"https:\/\/dzwieki.radiopodlasie.pl:8789\/uploads\/2025\/12\/251213_abol_13_kulinarne.mp3\"><\/audio><\/figure>\n\n\n\n<p><\/p>\n","protected":false},"excerpt":{"rendered":"<p>Tytu\u0142: Warsztaty kulinarne podczas 5. Kiermaszu Bo\u017conarodzeniowego w Drohiczynie Autor: Agnieszka Bolewska-Iwaniuk Nazwa audycji: WywiadyData emisji: 13-12-2025 O kiermaszu \u201e\u015awi\u0119ta tu\u017c, tu\u017c\u201d, kt\u00f3ry przed tygodniem odby\u0142 si\u0119 w Nadbu\u017ca\u0144skim Centrum Promocji Produktu Lokalnego \u201eZagubek\u201d&#46;&#46;&#46;<\/p>\n","protected":false},"author":123459,"featured_media":29481,"comment_status":"open","ping_status":"open","sticky":false,"template":"","format":"standard","meta":{"om_disable_all_campaigns":false,"_monsterinsights_skip_tracking":false,"_monsterinsights_sitenote_active":false,"_monsterinsights_sitenote_note":"","_monsterinsights_sitenote_category":0,"footnotes":""},"categories":[360,2596,320],"tags":[201,840,3862,3861],"class_list":["post-29479","post","type-post","status-publish","format-standard","has-post-thumbnail","hentry","category-agnieszka-bolewska-iwaniuk","category-kultura-na-fali","category-wywiady","tag-agnieszka-bolewska-iwaniuk","tag-drohiczyn","tag-kiermasz-bozonarodzeniowy","tag-zagubek"],"aioseo_notices":[],"_links":{"self":[{"href":"https:\/\/archiwum.radiopodlasie.pl\/NEW\/wp-json\/wp\/v2\/posts\/29479","targetHints":{"allow":["GET"]}}],"collection":[{"href":"https:\/\/archiwum.radiopodlasie.pl\/NEW\/wp-json\/wp\/v2\/posts"}],"about":[{"href":"https:\/\/archiwum.radiopodlasie.pl\/NEW\/wp-json\/wp\/v2\/types\/post"}],"author":[{"embeddable":true,"href":"https:\/\/archiwum.radiopodlasie.pl\/NEW\/wp-json\/wp\/v2\/users\/123459"}],"replies":[{"embeddable":true,"href":"https:\/\/archiwum.radiopodlasie.pl\/NEW\/wp-json\/wp\/v2\/comments?post=29479"}],"version-history":[{"count":2,"href":"https:\/\/archiwum.radiopodlasie.pl\/NEW\/wp-json\/wp\/v2\/posts\/29479\/revisions"}],"predecessor-version":[{"id":29482,"href":"https:\/\/archiwum.radiopodlasie.pl\/NEW\/wp-json\/wp\/v2\/posts\/29479\/revisions\/29482"}],"wp:featuredmedia":[{"embeddable":true,"href":"https:\/\/archiwum.radiopodlasie.pl\/NEW\/wp-json\/wp\/v2\/media\/29481"}],"wp:attachment":[{"href":"https:\/\/archiwum.radiopodlasie.pl\/NEW\/wp-json\/wp\/v2\/media?parent=29479"}],"wp:term":[{"taxonomy":"category","embeddable":true,"href":"https:\/\/archiwum.radiopodlasie.pl\/NEW\/wp-json\/wp\/v2\/categories?post=29479"},{"taxonomy":"post_tag","embeddable":true,"href":"https:\/\/archiwum.radiopodlasie.pl\/NEW\/wp-json\/wp\/v2\/tags?post=29479"}],"curies":[{"name":"wp","href":"https:\/\/api.w.org\/{rel}","templated":true}]}}