{"id":29483,"date":"2025-12-15T16:57:00","date_gmt":"2025-12-15T15:57:00","guid":{"rendered":"https:\/\/archiwum.radiopodlasie.pl\/NEW\/?p=29483"},"modified":"2025-12-15T10:23:04","modified_gmt":"2025-12-15T09:23:04","slug":"o-nowym-moscie-na-bugu-i-potrzebnych-drogach-rozmowa-z-wojtem-gminy-perlejewo","status":"publish","type":"post","link":"https:\/\/archiwum.radiopodlasie.pl\/NEW\/2025\/12\/15\/o-nowym-moscie-na-bugu-i-potrzebnych-drogach-rozmowa-z-wojtem-gminy-perlejewo\/","title":{"rendered":"O nowym mo\u015bcie na Bugu i potrzebnych drogach &#8211; rozmowa z w\u00f3jtem gminy Perlejewo"},"content":{"rendered":"<p>Tytu\u0142<strong>: O nowym mo\u015bcie na Bugu i potrzebnych drogach &#8211; rozmowa z w\u00f3jtem gminy Perlejewo<\/strong><\/p>\n<p>Autor: Agnieszka Bolewska-Iwaniuk<\/p>\n<p>Nazwa audycji: <strong><span style=\"color: #339966;\">Wywiady<\/span><\/strong><br \/>Data emisji: 15-12-2025<\/p>\n<p>Niejednokrotnie na naszej Radia Podlasie m\u00f3wili\u015bmy o nowym mo\u015bcie na rzece Bug pomi\u0119dzy miejscowo\u015bciami Granne i Krzemie\u0144 Wie\u015b, kt\u00f3ry w pa\u017adzierniku 2025r. po\u0142\u0105czy\u0142 dwa brzegi rzeki, \u0142\u0105cz\u0105c wojew\u00f3dztwo podlaskie z mazowieckim.<br \/>W\u00f3jt gminy Perlejewo, Jakub Krzysztof Wierzbicki przypomina, \u017ce do mostu trzeba wybudowa\u0107 odpowiedniej jako\u015bci drogi. Gmina Perlejewo zabezpieczy\u0142a w przysz\u0142orocznym bud\u017cecie fundusze zwi\u0105zane z udzia\u0142em w\u0142asnym w dokumentacji dotycz\u0105cej drogi, kt\u00f3ra dzi\u015b jest drog\u0105 powiatow\u0105, a z czasem by\u0107 mo\u017ce b\u0119dzie drog\u0105 wojew\u00f3dzk\u0105. W\u00f3jt apeluje do samorz\u0105d\u00f3w, by sz\u0142y \u015bladem Perlejewa i zadanie to uwzgl\u0119dni\u0142y w swoich bud\u017cetach. <br \/>Z w\u00f3jtem gminy Perlejewo rozmawia\u0142a Agnieszka Bolewska-Iwaniuk.<\/p>\n\n\n<figure class=\"wp-block-image size-large\"><img loading=\"lazy\" decoding=\"async\" width=\"1024\" height=\"768\" src=\"http:\/\/archiwum.radiopodlasie.pl\/NEW\/wp-content\/uploads\/2025\/12\/iksB9qIE-1024x768.jpg\" alt=\"\" class=\"wp-image-29485\" srcset=\"https:\/\/archiwum.radiopodlasie.pl\/NEW\/wp-content\/uploads\/2025\/12\/iksB9qIE-1024x768.jpg 1024w, https:\/\/archiwum.radiopodlasie.pl\/NEW\/wp-content\/uploads\/2025\/12\/iksB9qIE-300x225.jpg 300w, https:\/\/archiwum.radiopodlasie.pl\/NEW\/wp-content\/uploads\/2025\/12\/iksB9qIE-768x576.jpg 768w, https:\/\/archiwum.radiopodlasie.pl\/NEW\/wp-content\/uploads\/2025\/12\/iksB9qIE-1536x1152.jpg 1536w, https:\/\/archiwum.radiopodlasie.pl\/NEW\/wp-content\/uploads\/2025\/12\/iksB9qIE.jpg 2048w\" sizes=\"auto, (max-width: 1024px) 100vw, 1024px\" \/><\/figure>\n\n\n\n<figure class=\"wp-block-audio\"><audio controls src=\"https:\/\/dzwieki.radiopodlasie.pl:8789\/uploads\/2025\/12\/251215_abol_15_domostu_pp.mp3\"><\/audio><\/figure>\n\n\n\n<p><\/p>\n","protected":false},"excerpt":{"rendered":"<p>Tytu\u0142: O nowym mo\u015bcie na Bugu i potrzebnych drogach &#8211; rozmowa z w\u00f3jtem gminy Perlejewo Autor: Agnieszka Bolewska-Iwaniuk Nazwa audycji: WywiadyData emisji: 15-12-2025 Niejednokrotnie na naszej Radia Podlasie m\u00f3wili\u015bmy o nowym mo\u015bcie na rzece&#46;&#46;&#46;<\/p>\n","protected":false},"author":123459,"featured_media":6100,"comment_status":"open","ping_status":"open","sticky":false,"template":"","format":"standard","meta":{"om_disable_all_campaigns":false,"_monsterinsights_skip_tracking":false,"_monsterinsights_sitenote_active":false,"_monsterinsights_sitenote_note":"","_monsterinsights_sitenote_category":0,"footnotes":""},"categories":[360,320],"tags":[201,4178,4297],"class_list":["post-29483","post","type-post","status-publish","format-standard","has-post-thumbnail","hentry","category-agnieszka-bolewska-iwaniuk","category-wywiady","tag-agnieszka-bolewska-iwaniuk","tag-gmina-perlejewo","tag-jakub-krzysztof-wierzbicki"],"aioseo_notices":[],"_links":{"self":[{"href":"https:\/\/archiwum.radiopodlasie.pl\/NEW\/wp-json\/wp\/v2\/posts\/29483","targetHints":{"allow":["GET"]}}],"collection":[{"href":"https:\/\/archiwum.radiopodlasie.pl\/NEW\/wp-json\/wp\/v2\/posts"}],"about":[{"href":"https:\/\/archiwum.radiopodlasie.pl\/NEW\/wp-json\/wp\/v2\/types\/post"}],"author":[{"embeddable":true,"href":"https:\/\/archiwum.radiopodlasie.pl\/NEW\/wp-json\/wp\/v2\/users\/123459"}],"replies":[{"embeddable":true,"href":"https:\/\/archiwum.radiopodlasie.pl\/NEW\/wp-json\/wp\/v2\/comments?post=29483"}],"version-history":[{"count":2,"href":"https:\/\/archiwum.radiopodlasie.pl\/NEW\/wp-json\/wp\/v2\/posts\/29483\/revisions"}],"predecessor-version":[{"id":29486,"href":"https:\/\/archiwum.radiopodlasie.pl\/NEW\/wp-json\/wp\/v2\/posts\/29483\/revisions\/29486"}],"wp:featuredmedia":[{"embeddable":true,"href":"https:\/\/archiwum.radiopodlasie.pl\/NEW\/wp-json\/wp\/v2\/media\/6100"}],"wp:attachment":[{"href":"https:\/\/archiwum.radiopodlasie.pl\/NEW\/wp-json\/wp\/v2\/media?parent=29483"}],"wp:term":[{"taxonomy":"category","embeddable":true,"href":"https:\/\/archiwum.radiopodlasie.pl\/NEW\/wp-json\/wp\/v2\/categories?post=29483"},{"taxonomy":"post_tag","embeddable":true,"href":"https:\/\/archiwum.radiopodlasie.pl\/NEW\/wp-json\/wp\/v2\/tags?post=29483"}],"curies":[{"name":"wp","href":"https:\/\/api.w.org\/{rel}","templated":true}]}}