{"id":29491,"date":"2025-12-15T10:42:51","date_gmt":"2025-12-15T09:42:51","guid":{"rendered":"https:\/\/archiwum.radiopodlasie.pl\/NEW\/?p=29491"},"modified":"2025-12-15T10:42:52","modified_gmt":"2025-12-15T09:42:52","slug":"jarmark-bozonarodzeniowy-w-wisniewie","status":"publish","type":"post","link":"https:\/\/archiwum.radiopodlasie.pl\/NEW\/2025\/12\/15\/jarmark-bozonarodzeniowy-w-wisniewie\/","title":{"rendered":"Jarmark Bo\u017conarodzeniowy w Wi\u015bniewie"},"content":{"rendered":"<p>Tytu\u0142<strong>: Jarmark Bo\u017conarodzeniowy w Wi\u015bniewie<\/strong><\/p>\n<p>Autor: Andrzej Ilczuk<\/p>\n<p>Nazwa audycji: <strong><span style=\"color: #339966;\">Wywiady<\/span><\/strong><br \/>Data emisji: 15-12-2025<\/p>\n<p>Wigilijne i \u015bwi\u0105teczne potrawy, ciasta, dekoracje i ozdoby, wyst\u0119py oraz atrakcje dla najm\u0142odszych. Bo\u017conarodzeniowa atmosfera panowa\u0142a w niedziel\u0119 14 grudnia w Gminnym O\u015brodku Kultury w Wi\u015bniewie. Odby\u0142 si\u0119 tam XV Jarmark Bo\u017conarodzeniowy. By\u0142 na nim Andrzej Ilczuk.<\/p>\n\n\n<figure class=\"wp-block-image size-large\"><img loading=\"lazy\" decoding=\"async\" width=\"1024\" height=\"683\" src=\"http:\/\/archiwum.radiopodlasie.pl\/NEW\/wp-content\/uploads\/2025\/12\/ai_15_wisniew_jarmark-1024x683.jpg\" alt=\"\" class=\"wp-image-29493\" srcset=\"https:\/\/archiwum.radiopodlasie.pl\/NEW\/wp-content\/uploads\/2025\/12\/ai_15_wisniew_jarmark-1024x683.jpg 1024w, https:\/\/archiwum.radiopodlasie.pl\/NEW\/wp-content\/uploads\/2025\/12\/ai_15_wisniew_jarmark-300x200.jpg 300w, https:\/\/archiwum.radiopodlasie.pl\/NEW\/wp-content\/uploads\/2025\/12\/ai_15_wisniew_jarmark-768x512.jpg 768w, https:\/\/archiwum.radiopodlasie.pl\/NEW\/wp-content\/uploads\/2025\/12\/ai_15_wisniew_jarmark.jpg 1350w\" sizes=\"auto, (max-width: 1024px) 100vw, 1024px\" \/><\/figure>\n\n\n\n<figure class=\"wp-block-audio\"><audio controls src=\"https:\/\/dzwieki.radiopodlasie.pl:8789\/uploads\/2025\/12\/251215_ai_15_wisniew_jarmark.mp3\"><\/audio><\/figure>\n\n\n\n<p><\/p>\n\n\n\n<p><\/p>\n","protected":false},"excerpt":{"rendered":"<p>Tytu\u0142: Jarmark Bo\u017conarodzeniowy w Wi\u015bniewie Autor: Andrzej Ilczuk Nazwa audycji: WywiadyData emisji: 15-12-2025 Wigilijne i \u015bwi\u0105teczne potrawy, ciasta, dekoracje i ozdoby, wyst\u0119py oraz atrakcje dla najm\u0142odszych. Bo\u017conarodzeniowa atmosfera panowa\u0142a w niedziel\u0119 14 grudnia w&#46;&#46;&#46;<\/p>\n","protected":false},"author":123459,"featured_media":29493,"comment_status":"open","ping_status":"open","sticky":false,"template":"","format":"standard","meta":{"om_disable_all_campaigns":false,"_monsterinsights_skip_tracking":false,"_monsterinsights_sitenote_active":false,"_monsterinsights_sitenote_note":"","_monsterinsights_sitenote_category":0,"footnotes":""},"categories":[362,320],"tags":[14,4475,640],"class_list":["post-29491","post","type-post","status-publish","format-standard","has-post-thumbnail","hentry","category-andrzej-ilczuk","category-wywiady","tag-andrzej-ilczuk","tag-jarmark-bozonarodzeniowy","tag-wisniew"],"aioseo_notices":[],"_links":{"self":[{"href":"https:\/\/archiwum.radiopodlasie.pl\/NEW\/wp-json\/wp\/v2\/posts\/29491","targetHints":{"allow":["GET"]}}],"collection":[{"href":"https:\/\/archiwum.radiopodlasie.pl\/NEW\/wp-json\/wp\/v2\/posts"}],"about":[{"href":"https:\/\/archiwum.radiopodlasie.pl\/NEW\/wp-json\/wp\/v2\/types\/post"}],"author":[{"embeddable":true,"href":"https:\/\/archiwum.radiopodlasie.pl\/NEW\/wp-json\/wp\/v2\/users\/123459"}],"replies":[{"embeddable":true,"href":"https:\/\/archiwum.radiopodlasie.pl\/NEW\/wp-json\/wp\/v2\/comments?post=29491"}],"version-history":[{"count":2,"href":"https:\/\/archiwum.radiopodlasie.pl\/NEW\/wp-json\/wp\/v2\/posts\/29491\/revisions"}],"predecessor-version":[{"id":29494,"href":"https:\/\/archiwum.radiopodlasie.pl\/NEW\/wp-json\/wp\/v2\/posts\/29491\/revisions\/29494"}],"wp:featuredmedia":[{"embeddable":true,"href":"https:\/\/archiwum.radiopodlasie.pl\/NEW\/wp-json\/wp\/v2\/media\/29493"}],"wp:attachment":[{"href":"https:\/\/archiwum.radiopodlasie.pl\/NEW\/wp-json\/wp\/v2\/media?parent=29491"}],"wp:term":[{"taxonomy":"category","embeddable":true,"href":"https:\/\/archiwum.radiopodlasie.pl\/NEW\/wp-json\/wp\/v2\/categories?post=29491"},{"taxonomy":"post_tag","embeddable":true,"href":"https:\/\/archiwum.radiopodlasie.pl\/NEW\/wp-json\/wp\/v2\/tags?post=29491"}],"curies":[{"name":"wp","href":"https:\/\/api.w.org\/{rel}","templated":true}]}}