{"id":29495,"date":"2025-12-15T08:30:00","date_gmt":"2025-12-15T07:30:00","guid":{"rendered":"https:\/\/archiwum.radiopodlasie.pl\/NEW\/?p=29495"},"modified":"2025-12-15T10:52:11","modified_gmt":"2025-12-15T09:52:11","slug":"o-finansach-powiatu-siedleckiego","status":"publish","type":"post","link":"https:\/\/archiwum.radiopodlasie.pl\/NEW\/2025\/12\/15\/o-finansach-powiatu-siedleckiego\/","title":{"rendered":"O finansach powiatu siedleckiego"},"content":{"rendered":"\n<p>Tytu\u0142: O finansach powiatu siedleckiego<\/p>\n\n\n\n<p>Autor: Adam Bia\u0142czak<\/p>\n\n\n\n<p>Nazwa audycji: <strong><span style=\"color: #339966;\">Wywiady, O tym si\u0119 m\u00f3wi<\/span><\/strong><br>Data emisji: 15-12-2025<\/p>\n\n\n\n<p>W dzisiejszej audycji &#8222;O tym si\u0119 m\u00f3wi&#8221; o finansach powiatu siedleckiego. Zaprasza Adam Bia\u0142czak.<\/p>\n\n\n\n<figure class=\"wp-block-audio\"><audio controls src=\"https:\/\/dzwieki.radiopodlasie.pl:8789\/uploads\/2025\/12\/251215_otym15_adam_bialczak.mp3\"><\/audio><\/figure>\n","protected":false},"excerpt":{"rendered":"<p>Tytu\u0142: O finansach powiatu siedleckiego Autor: Adam Bia\u0142czak Nazwa audycji: Wywiady, O tym si\u0119 m\u00f3wiData emisji: 15-12-2025 W dzisiejszej audycji &#8222;O tym si\u0119 m\u00f3wi&#8221; o finansach powiatu siedleckiego. Zaprasza Adam Bia\u0142czak.<\/p>\n","protected":false},"author":123459,"featured_media":6622,"comment_status":"open","ping_status":"open","sticky":false,"template":"","format":"standard","meta":{"om_disable_all_campaigns":false,"_monsterinsights_skip_tracking":false,"_monsterinsights_sitenote_active":false,"_monsterinsights_sitenote_note":"","_monsterinsights_sitenote_category":0,"footnotes":""},"categories":[366,323,332],"tags":[493,6,179],"class_list":["post-29495","post","type-post","status-publish","format-standard","has-post-thumbnail","hentry","category-adam-bialczak","category-audycje","category-o-tym-sie-mowi","tag-adam-bialczak","tag-o-tym-sie-mowi","tag-siedlce"],"aioseo_notices":[],"_links":{"self":[{"href":"https:\/\/archiwum.radiopodlasie.pl\/NEW\/wp-json\/wp\/v2\/posts\/29495","targetHints":{"allow":["GET"]}}],"collection":[{"href":"https:\/\/archiwum.radiopodlasie.pl\/NEW\/wp-json\/wp\/v2\/posts"}],"about":[{"href":"https:\/\/archiwum.radiopodlasie.pl\/NEW\/wp-json\/wp\/v2\/types\/post"}],"author":[{"embeddable":true,"href":"https:\/\/archiwum.radiopodlasie.pl\/NEW\/wp-json\/wp\/v2\/users\/123459"}],"replies":[{"embeddable":true,"href":"https:\/\/archiwum.radiopodlasie.pl\/NEW\/wp-json\/wp\/v2\/comments?post=29495"}],"version-history":[{"count":2,"href":"https:\/\/archiwum.radiopodlasie.pl\/NEW\/wp-json\/wp\/v2\/posts\/29495\/revisions"}],"predecessor-version":[{"id":29497,"href":"https:\/\/archiwum.radiopodlasie.pl\/NEW\/wp-json\/wp\/v2\/posts\/29495\/revisions\/29497"}],"wp:featuredmedia":[{"embeddable":true,"href":"https:\/\/archiwum.radiopodlasie.pl\/NEW\/wp-json\/wp\/v2\/media\/6622"}],"wp:attachment":[{"href":"https:\/\/archiwum.radiopodlasie.pl\/NEW\/wp-json\/wp\/v2\/media?parent=29495"}],"wp:term":[{"taxonomy":"category","embeddable":true,"href":"https:\/\/archiwum.radiopodlasie.pl\/NEW\/wp-json\/wp\/v2\/categories?post=29495"},{"taxonomy":"post_tag","embeddable":true,"href":"https:\/\/archiwum.radiopodlasie.pl\/NEW\/wp-json\/wp\/v2\/tags?post=29495"}],"curies":[{"name":"wp","href":"https:\/\/api.w.org\/{rel}","templated":true}]}}