{"id":29865,"date":"2026-01-23T16:37:00","date_gmt":"2026-01-23T15:37:00","guid":{"rendered":"https:\/\/archiwum.radiopodlasie.pl\/NEW\/?p=29865"},"modified":"2026-01-24T14:37:32","modified_gmt":"2026-01-24T13:37:32","slug":"rozmowa-z-krzysztofem-cisem-tlumaczem-jezyka-migowego","status":"publish","type":"post","link":"https:\/\/archiwum.radiopodlasie.pl\/NEW\/2026\/01\/23\/rozmowa-z-krzysztofem-cisem-tlumaczem-jezyka-migowego\/","title":{"rendered":"Rozmowa z Krzysztofem Cisem &#8211; t\u0142umaczem j\u0119zyka migowego"},"content":{"rendered":"<p>Tytu\u0142<strong>: Rozmowa z Krzysztofem Cisem &#8211; t\u0142umaczem j\u0119zyka migowego<\/strong><\/p>\n<p>Autor: Agnieszka Bolewska-Iwaniuk<\/p>\n<p>Nazwa audycji: <strong><span style=\"color: #339966;\">Wywiady<\/span><\/strong><br \/>Data emisji: 23-01-2026<\/p>\n<p>24 stycznia, Ko\u015bci\u00f3\u0142 obchodzi liturgiczne wspomnienie \u015bw. Franciszka Salezego \u2013 patrona os\u00f3b g\u0142uchych, uznawanego za jednego z prekursor\u00f3w komunikacji migowej. To dobra okazja, by zatrzyma\u0107 si\u0119 nad znaczeniem j\u0119zyka migowego oraz jego rol\u0105 w budowaniu prawdziwego dialogu.<br \/>Agnieszka Bolewska-Iwaniuk zaprasza na rozmow\u0119 z Krzysztofem Cisem, t\u0142umaczem j\u0119zyka migowego. B\u0119dzie to spotkanie z \u015bwiatem ciszy, kt\u00f3ry wcale nie jest pozbawiony s\u0142\u00f3w \u2014 o j\u0119zyku, kt\u00f3ry \u0142\u0105czy, oraz o wra\u017cliwo\u015bci na potrzeby os\u00f3b nies\u0142ysz\u0105cych, zar\u00f3wno w Ko\u015bciele, jak i w codziennym \u017cyciu.<br \/>Zapraszamy do wsp\u00f3lnego s\u0142uchania i odkrywania pi\u0119kna komunikacji, kt\u00f3ra wyra\u017ca si\u0119 nie tylko d\u017awi\u0119kiem, ale tak\u017ce gestem i sercem.<\/p>\n\n\n<figure class=\"wp-block-audio\"><audio controls src=\"https:\/\/dzwieki.radiopodlasie.pl:8789\/uploads\/2026\/01\/260123_abol_23_migowy_pp.mp3\"><\/audio><\/figure>\n\n\n\n<p><\/p>\n","protected":false},"excerpt":{"rendered":"<p>Tytu\u0142: Rozmowa z Krzysztofem Cisem &#8211; t\u0142umaczem j\u0119zyka migowego Autor: Agnieszka Bolewska-Iwaniuk Nazwa audycji: WywiadyData emisji: 23-01-2026 24 stycznia, Ko\u015bci\u00f3\u0142 obchodzi liturgiczne wspomnienie \u015bw. Franciszka Salezego \u2013 patrona os\u00f3b g\u0142uchych, uznawanego za jednego z&#46;&#46;&#46;<\/p>\n","protected":false},"author":123459,"featured_media":6100,"comment_status":"open","ping_status":"open","sticky":false,"template":"","format":"standard","meta":{"om_disable_all_campaigns":false,"_monsterinsights_skip_tracking":false,"_monsterinsights_sitenote_active":false,"_monsterinsights_sitenote_note":"","_monsterinsights_sitenote_category":0,"footnotes":""},"categories":[360,320],"tags":[201,4513,4512],"class_list":["post-29865","post","type-post","status-publish","format-standard","has-post-thumbnail","hentry","category-agnieszka-bolewska-iwaniuk","category-wywiady","tag-agnieszka-bolewska-iwaniuk","tag-jezyk-migowy","tag-krzysztof-cis"],"aioseo_notices":[],"_links":{"self":[{"href":"https:\/\/archiwum.radiopodlasie.pl\/NEW\/wp-json\/wp\/v2\/posts\/29865","targetHints":{"allow":["GET"]}}],"collection":[{"href":"https:\/\/archiwum.radiopodlasie.pl\/NEW\/wp-json\/wp\/v2\/posts"}],"about":[{"href":"https:\/\/archiwum.radiopodlasie.pl\/NEW\/wp-json\/wp\/v2\/types\/post"}],"author":[{"embeddable":true,"href":"https:\/\/archiwum.radiopodlasie.pl\/NEW\/wp-json\/wp\/v2\/users\/123459"}],"replies":[{"embeddable":true,"href":"https:\/\/archiwum.radiopodlasie.pl\/NEW\/wp-json\/wp\/v2\/comments?post=29865"}],"version-history":[{"count":2,"href":"https:\/\/archiwum.radiopodlasie.pl\/NEW\/wp-json\/wp\/v2\/posts\/29865\/revisions"}],"predecessor-version":[{"id":29867,"href":"https:\/\/archiwum.radiopodlasie.pl\/NEW\/wp-json\/wp\/v2\/posts\/29865\/revisions\/29867"}],"wp:featuredmedia":[{"embeddable":true,"href":"https:\/\/archiwum.radiopodlasie.pl\/NEW\/wp-json\/wp\/v2\/media\/6100"}],"wp:attachment":[{"href":"https:\/\/archiwum.radiopodlasie.pl\/NEW\/wp-json\/wp\/v2\/media?parent=29865"}],"wp:term":[{"taxonomy":"category","embeddable":true,"href":"https:\/\/archiwum.radiopodlasie.pl\/NEW\/wp-json\/wp\/v2\/categories?post=29865"},{"taxonomy":"post_tag","embeddable":true,"href":"https:\/\/archiwum.radiopodlasie.pl\/NEW\/wp-json\/wp\/v2\/tags?post=29865"}],"curies":[{"name":"wp","href":"https:\/\/api.w.org\/{rel}","templated":true}]}}