{"id":29872,"date":"2026-01-24T12:00:00","date_gmt":"2026-01-24T11:00:00","guid":{"rendered":"https:\/\/archiwum.radiopodlasie.pl\/NEW\/?p=29872"},"modified":"2026-01-24T14:51:17","modified_gmt":"2026-01-24T13:51:17","slug":"audycja-na-podlaskim-trakcie-literackim-z-24-stycznia-2026","status":"publish","type":"post","link":"https:\/\/archiwum.radiopodlasie.pl\/NEW\/2026\/01\/24\/audycja-na-podlaskim-trakcie-literackim-z-24-stycznia-2026\/","title":{"rendered":"Audycja &#8222;Na Podlaskim Trakcie Literackim&#8221; z 24 stycznia 2026"},"content":{"rendered":"<p>Tytu\u0142: Audycja &#8222;Na Podlaskim Trakcie Literackim&#8221; z 24 stycznia 2026<\/p>\n<p>Autor<strong>: Artur Ziontek<br \/><\/strong><\/p>\n<p>Nazwa audycji: <strong>Na Podlaskim Trakcie Literackim<\/strong><br \/>Data emisji: 24-01-2026<\/p>\n<p>Dzi\u015b opowiemy o p\u00f3\u0142roczniku Inskrypcje i jego ostatnim numerze, dedykowanym prof. Krystynie Wojtczuk. Zaprasza Artur Ziontek.<\/p>\n\n\n<figure class=\"wp-block-audio\"><audio controls src=\"https:\/\/dzwieki.radiopodlasie.pl:8789\/uploads\/2026\/01\/260124_pkry_trakt_2401.mp3\"><\/audio><\/figure>\n","protected":false},"excerpt":{"rendered":"<p>Tytu\u0142: Audycja &#8222;Na Podlaskim Trakcie Literackim&#8221; z 24 stycznia 2026 Autor: Artur Ziontek Nazwa audycji: Na Podlaskim Trakcie LiterackimData emisji: 24-01-2026 Dzi\u015b opowiemy o p\u00f3\u0142roczniku Inskrypcje i jego ostatnim numerze, dedykowanym prof. Krystynie Wojtczuk.&#46;&#46;&#46;<\/p>\n","protected":false},"author":123459,"featured_media":22204,"comment_status":"open","ping_status":"open","sticky":false,"template":"","format":"standard","meta":{"om_disable_all_campaigns":false,"_monsterinsights_skip_tracking":false,"_monsterinsights_sitenote_active":false,"_monsterinsights_sitenote_note":"","_monsterinsights_sitenote_category":0,"footnotes":""},"categories":[3648],"tags":[1750],"class_list":["post-29872","post","type-post","status-publish","format-standard","has-post-thumbnail","hentry","category-na-podlaskim-trakcie-literackim","tag-artur-ziontek"],"aioseo_notices":[],"_links":{"self":[{"href":"https:\/\/archiwum.radiopodlasie.pl\/NEW\/wp-json\/wp\/v2\/posts\/29872","targetHints":{"allow":["GET"]}}],"collection":[{"href":"https:\/\/archiwum.radiopodlasie.pl\/NEW\/wp-json\/wp\/v2\/posts"}],"about":[{"href":"https:\/\/archiwum.radiopodlasie.pl\/NEW\/wp-json\/wp\/v2\/types\/post"}],"author":[{"embeddable":true,"href":"https:\/\/archiwum.radiopodlasie.pl\/NEW\/wp-json\/wp\/v2\/users\/123459"}],"replies":[{"embeddable":true,"href":"https:\/\/archiwum.radiopodlasie.pl\/NEW\/wp-json\/wp\/v2\/comments?post=29872"}],"version-history":[{"count":1,"href":"https:\/\/archiwum.radiopodlasie.pl\/NEW\/wp-json\/wp\/v2\/posts\/29872\/revisions"}],"predecessor-version":[{"id":29873,"href":"https:\/\/archiwum.radiopodlasie.pl\/NEW\/wp-json\/wp\/v2\/posts\/29872\/revisions\/29873"}],"wp:featuredmedia":[{"embeddable":true,"href":"https:\/\/archiwum.radiopodlasie.pl\/NEW\/wp-json\/wp\/v2\/media\/22204"}],"wp:attachment":[{"href":"https:\/\/archiwum.radiopodlasie.pl\/NEW\/wp-json\/wp\/v2\/media?parent=29872"}],"wp:term":[{"taxonomy":"category","embeddable":true,"href":"https:\/\/archiwum.radiopodlasie.pl\/NEW\/wp-json\/wp\/v2\/categories?post=29872"},{"taxonomy":"post_tag","embeddable":true,"href":"https:\/\/archiwum.radiopodlasie.pl\/NEW\/wp-json\/wp\/v2\/tags?post=29872"}],"curies":[{"name":"wp","href":"https:\/\/api.w.org\/{rel}","templated":true}]}}