{"id":29874,"date":"2026-01-24T10:06:00","date_gmt":"2026-01-24T09:06:00","guid":{"rendered":"https:\/\/archiwum.radiopodlasie.pl\/NEW\/?p=29874"},"modified":"2026-01-24T15:07:17","modified_gmt":"2026-01-24T14:07:17","slug":"rozmowa-z-thorinem-danielsen","status":"publish","type":"post","link":"https:\/\/archiwum.radiopodlasie.pl\/NEW\/2026\/01\/24\/rozmowa-z-thorinem-danielsen\/","title":{"rendered":"Rozmowa z Thorinem Danielsen"},"content":{"rendered":"<p>Tytu\u0142: Rozmowa z Thorinem Danielsen<\/p>\n<p>Autor: Pawe\u0142 Kryszczuk<\/p>\n<p>Nazwa audycji: <strong><span style=\"color: #339966;\">Wywiady, Go\u015b\u0107 Wolnej Soboty<\/span><\/strong><br \/>Data emisji: 24-01-2026<\/p>\n<p>Dzi\u015b zaprosimy Pa\u0144stwa w podr\u00f3\u017c inn\u0105 ni\u017c wszystkie. Nie przez kontynenty, lecz przez spojrzenie. Spojrzenie Amerykanina, kt\u00f3ry wybra\u0142 Polsk\u0119 na sw\u00f3j dom. Thorin Danielsen \u2013 muzyk, polonista. Opowie o swojej drodze do Polski, fascynacji j\u0119zykiem i muzyk\u0105 Chopina oraz o \u017cyciu widzianym oczami obcokrajowca.<br \/>Jak wygl\u0105da Polska z zewn\u0105trz? I co sprawia, \u017ce chce si\u0119 tu zosta\u0107? Zapraszamy do wys\u0142uchania wywiadu, kt\u00f3ry przeprowadzi\u0142 Pawe\u0142 Kryszczuk.<\/p>\n\n\n<figure class=\"wp-block-audio\"><audio controls src=\"https:\/\/dzwieki.radiopodlasie.pl:8789\/uploads\/2026\/01\/260124_gws_pkry_thorin.mp3\"><\/audio><\/figure>\n","protected":false},"excerpt":{"rendered":"<p>Tytu\u0142: Rozmowa z Thorinem Danielsen Autor: Pawe\u0142 Kryszczuk Nazwa audycji: Wywiady, Go\u015b\u0107 Wolnej SobotyData emisji: 24-01-2026 Dzi\u015b zaprosimy Pa\u0144stwa w podr\u00f3\u017c inn\u0105 ni\u017c wszystkie. Nie przez kontynenty, lecz przez spojrzenie. Spojrzenie Amerykanina, kt\u00f3ry wybra\u0142&#46;&#46;&#46;<\/p>\n","protected":false},"author":123459,"featured_media":6247,"comment_status":"open","ping_status":"open","sticky":false,"template":"","format":"standard","meta":{"om_disable_all_campaigns":false,"_monsterinsights_skip_tracking":false,"_monsterinsights_sitenote_active":false,"_monsterinsights_sitenote_note":"","_monsterinsights_sitenote_category":0,"footnotes":""},"categories":[3536,567,320],"tags":[294,4514],"class_list":["post-29874","post","type-post","status-publish","format-standard","has-post-thumbnail","hentry","category-gosc-wolnej-soboty","category-pawel-kryszczuk","category-wywiady","tag-pawel-kryszczuk","tag-thorin-danielsen"],"aioseo_notices":[],"_links":{"self":[{"href":"https:\/\/archiwum.radiopodlasie.pl\/NEW\/wp-json\/wp\/v2\/posts\/29874","targetHints":{"allow":["GET"]}}],"collection":[{"href":"https:\/\/archiwum.radiopodlasie.pl\/NEW\/wp-json\/wp\/v2\/posts"}],"about":[{"href":"https:\/\/archiwum.radiopodlasie.pl\/NEW\/wp-json\/wp\/v2\/types\/post"}],"author":[{"embeddable":true,"href":"https:\/\/archiwum.radiopodlasie.pl\/NEW\/wp-json\/wp\/v2\/users\/123459"}],"replies":[{"embeddable":true,"href":"https:\/\/archiwum.radiopodlasie.pl\/NEW\/wp-json\/wp\/v2\/comments?post=29874"}],"version-history":[{"count":2,"href":"https:\/\/archiwum.radiopodlasie.pl\/NEW\/wp-json\/wp\/v2\/posts\/29874\/revisions"}],"predecessor-version":[{"id":29876,"href":"https:\/\/archiwum.radiopodlasie.pl\/NEW\/wp-json\/wp\/v2\/posts\/29874\/revisions\/29876"}],"wp:featuredmedia":[{"embeddable":true,"href":"https:\/\/archiwum.radiopodlasie.pl\/NEW\/wp-json\/wp\/v2\/media\/6247"}],"wp:attachment":[{"href":"https:\/\/archiwum.radiopodlasie.pl\/NEW\/wp-json\/wp\/v2\/media?parent=29874"}],"wp:term":[{"taxonomy":"category","embeddable":true,"href":"https:\/\/archiwum.radiopodlasie.pl\/NEW\/wp-json\/wp\/v2\/categories?post=29874"},{"taxonomy":"post_tag","embeddable":true,"href":"https:\/\/archiwum.radiopodlasie.pl\/NEW\/wp-json\/wp\/v2\/tags?post=29874"}],"curies":[{"name":"wp","href":"https:\/\/api.w.org\/{rel}","templated":true}]}}