{"id":29879,"date":"2026-01-25T09:57:00","date_gmt":"2026-01-25T08:57:00","guid":{"rendered":"https:\/\/archiwum.radiopodlasie.pl\/NEW\/?p=29879"},"modified":"2026-01-24T16:05:15","modified_gmt":"2026-01-24T15:05:15","slug":"czytania-na-iii-niedziele-zwykla-4","status":"publish","type":"post","link":"https:\/\/archiwum.radiopodlasie.pl\/NEW\/2026\/01\/25\/czytania-na-iii-niedziele-zwykla-4\/","title":{"rendered":"Czytania na III NIEDZIEL\u0118 ZWYK\u0141\u0104"},"content":{"rendered":"\n<p>Tytu\u0142<strong>: <\/strong> <strong>Czytania na III NIEDZIEL\u0118 ZWYK\u0141\u0104<\/strong><\/p>\n\n\n\n<p>Autor: <strong>Joanna Kuczborska,<\/strong> ks. Mateusz Kowalik<\/p>\n\n\n\n<p><strong><span style=\"color: #339966\">Nazwa audycji: Katolik w \u015bwiecie &#8211; instrukcja obs\u0142ugi<\/span><\/strong><\/p>\n\n\n\n<p><\/p>\n\n\n\n<p>Data emisji: 25-01-2026 r.<\/p>\n\n\n\n<p>Iz 8,23b-9,3 Ps 27 1 Kor 1,10-13.17 Mt 4,12-23<br>\u201eNar\u00f3d krocz\u0105cy w ciemno\u015bciach ujrza\u0142 \u015bwiat\u0142o\u015b\u0107 wielk\u0105; nad mieszka\u0144cami kraju mrok\u00f3w \u015bwiat\u0142o zab\u0142ys\u0142o. Pomno\u017cy\u0142e\u015b rado\u015b\u0107, zwi\u0119kszy\u0142e\u015b wesele\u201d.<br>\u201ePan moim \u015bwiat\u0142em i zbawieniem moim, *<br>kogo mia\u0142bym si\u0119 l\u0119ka\u0107?<br>Pan obro\u0144c\u0105 mego \u017cycia, *<br>przed kim mia\u0142bym czu\u0107 trwog\u0119?\u201d<br>\u201eCzy\u017c Chrystus jest podzielony? Czy\u017c Pawe\u0142 zosta\u0142 za was ukrzy\u017cowany? Czy\u017c w imi\u0119 Paw\u0142a zostali\u015bcie ochrzczeni?<br>Nie pos\u0142a\u0142 mnie Chrystus, abym chrzci\u0142, lecz abym g\u0142osi\u0142 Ewangeli\u0119, i to nie w m\u0105dro\u015bci s\u0142owa, by nie zniweczy\u0107 Chrystusowego krzy\u017ca\u201d.<br>\u201eOdt\u0105d pocz\u0105\u0142 Jezus naucza\u0107 i m\u00f3wi\u0107: \u00abNawracajcie si\u0119, albowiem bliskie jest kr\u00f3lestwo niebieskie\u00bb.<\/p>\n\n\n\n<figure class=\"wp-block-audio\"><audio controls src=\"https:\/\/dzwieki.radiopodlasie.pl:8789\/uploads\/2026\/01\/260125_katolik_JK_xKowalik.mp3\"><\/audio><\/figure>\n\n\n\n<p><\/p>\n","protected":false},"excerpt":{"rendered":"<p>Tytu\u0142: Czytania na III NIEDZIEL\u0118 ZWYK\u0141\u0104 Autor: Joanna Kuczborska, ks. Mateusz Kowalik Nazwa audycji: Katolik w \u015bwiecie &#8211; instrukcja obs\u0142ugi Data emisji: 25-01-2026 r. Iz 8,23b-9,3 Ps 27 1 Kor 1,10-13.17 Mt 4,12-23\u201eNar\u00f3d krocz\u0105cy&#46;&#46;&#46;<\/p>\n","protected":false},"author":123459,"featured_media":5933,"comment_status":"open","ping_status":"open","sticky":false,"template":"","format":"standard","meta":{"om_disable_all_campaigns":false,"_monsterinsights_skip_tracking":false,"_monsterinsights_sitenote_active":false,"_monsterinsights_sitenote_note":"","_monsterinsights_sitenote_category":0,"footnotes":""},"categories":[1700],"tags":[1809,85],"class_list":["post-29879","post","type-post","status-publish","format-standard","has-post-thumbnail","hentry","category-katolik-w-swiecie-instrukcja-obslugi","tag-katolik","tag-niedziela"],"aioseo_notices":[],"_links":{"self":[{"href":"https:\/\/archiwum.radiopodlasie.pl\/NEW\/wp-json\/wp\/v2\/posts\/29879","targetHints":{"allow":["GET"]}}],"collection":[{"href":"https:\/\/archiwum.radiopodlasie.pl\/NEW\/wp-json\/wp\/v2\/posts"}],"about":[{"href":"https:\/\/archiwum.radiopodlasie.pl\/NEW\/wp-json\/wp\/v2\/types\/post"}],"author":[{"embeddable":true,"href":"https:\/\/archiwum.radiopodlasie.pl\/NEW\/wp-json\/wp\/v2\/users\/123459"}],"replies":[{"embeddable":true,"href":"https:\/\/archiwum.radiopodlasie.pl\/NEW\/wp-json\/wp\/v2\/comments?post=29879"}],"version-history":[{"count":1,"href":"https:\/\/archiwum.radiopodlasie.pl\/NEW\/wp-json\/wp\/v2\/posts\/29879\/revisions"}],"predecessor-version":[{"id":29880,"href":"https:\/\/archiwum.radiopodlasie.pl\/NEW\/wp-json\/wp\/v2\/posts\/29879\/revisions\/29880"}],"wp:featuredmedia":[{"embeddable":true,"href":"https:\/\/archiwum.radiopodlasie.pl\/NEW\/wp-json\/wp\/v2\/media\/5933"}],"wp:attachment":[{"href":"https:\/\/archiwum.radiopodlasie.pl\/NEW\/wp-json\/wp\/v2\/media?parent=29879"}],"wp:term":[{"taxonomy":"category","embeddable":true,"href":"https:\/\/archiwum.radiopodlasie.pl\/NEW\/wp-json\/wp\/v2\/categories?post=29879"},{"taxonomy":"post_tag","embeddable":true,"href":"https:\/\/archiwum.radiopodlasie.pl\/NEW\/wp-json\/wp\/v2\/tags?post=29879"}],"curies":[{"name":"wp","href":"https:\/\/api.w.org\/{rel}","templated":true}]}}