{"id":29885,"date":"2026-01-24T23:15:00","date_gmt":"2026-01-24T22:15:00","guid":{"rendered":"https:\/\/archiwum.radiopodlasie.pl\/NEW\/?p=29885"},"modified":"2026-01-25T14:53:02","modified_gmt":"2026-01-25T13:53:02","slug":"audycja-miejskiego-osrodka-kultury-w-siedlcach-z-24-stycznia-2026","status":"publish","type":"post","link":"https:\/\/archiwum.radiopodlasie.pl\/NEW\/2026\/01\/24\/audycja-miejskiego-osrodka-kultury-w-siedlcach-z-24-stycznia-2026\/","title":{"rendered":"Audycja Miejskiego O\u015brodka Kultury w Siedlcach z 24 stycznia 2026"},"content":{"rendered":"<p>Tytu\u0142: Audycja Miejskiego O\u015brodka Kultury w Siedlcach z 24 stycznia 2026<\/p>\n<p>Autor<strong>: Magdalena Czmoch, Sebastian Gumi\u0144ski<\/strong><br \/>Data emisji: 24-01-2026<\/p>\n\n\n<figure class=\"wp-block-audio\"><audio controls src=\"https:\/\/dzwieki.radiopodlasie.pl:8789\/uploads\/2026\/01\/260124_na_scenie_MOK.mp3\"><\/audio><\/figure>\n","protected":false},"excerpt":{"rendered":"<p>Tytu\u0142: Audycja Miejskiego O\u015brodka Kultury w Siedlcach z 24 stycznia 2026 Autor: Magdalena Czmoch, Sebastian Gumi\u0144skiData emisji: 24-01-2026<\/p>\n","protected":false},"author":123459,"featured_media":5968,"comment_status":"open","ping_status":"open","sticky":false,"template":"","format":"standard","meta":{"om_disable_all_campaigns":false,"_monsterinsights_skip_tracking":false,"_monsterinsights_sitenote_active":false,"_monsterinsights_sitenote_note":"","_monsterinsights_sitenote_category":0,"footnotes":""},"categories":[333],"tags":[977],"class_list":["post-29885","post","type-post","status-publish","format-standard","has-post-thumbnail","hentry","category-na-scenie-i-estradzie","tag-mok-siedlce"],"aioseo_notices":[],"_links":{"self":[{"href":"https:\/\/archiwum.radiopodlasie.pl\/NEW\/wp-json\/wp\/v2\/posts\/29885","targetHints":{"allow":["GET"]}}],"collection":[{"href":"https:\/\/archiwum.radiopodlasie.pl\/NEW\/wp-json\/wp\/v2\/posts"}],"about":[{"href":"https:\/\/archiwum.radiopodlasie.pl\/NEW\/wp-json\/wp\/v2\/types\/post"}],"author":[{"embeddable":true,"href":"https:\/\/archiwum.radiopodlasie.pl\/NEW\/wp-json\/wp\/v2\/users\/123459"}],"replies":[{"embeddable":true,"href":"https:\/\/archiwum.radiopodlasie.pl\/NEW\/wp-json\/wp\/v2\/comments?post=29885"}],"version-history":[{"count":1,"href":"https:\/\/archiwum.radiopodlasie.pl\/NEW\/wp-json\/wp\/v2\/posts\/29885\/revisions"}],"predecessor-version":[{"id":29886,"href":"https:\/\/archiwum.radiopodlasie.pl\/NEW\/wp-json\/wp\/v2\/posts\/29885\/revisions\/29886"}],"wp:featuredmedia":[{"embeddable":true,"href":"https:\/\/archiwum.radiopodlasie.pl\/NEW\/wp-json\/wp\/v2\/media\/5968"}],"wp:attachment":[{"href":"https:\/\/archiwum.radiopodlasie.pl\/NEW\/wp-json\/wp\/v2\/media?parent=29885"}],"wp:term":[{"taxonomy":"category","embeddable":true,"href":"https:\/\/archiwum.radiopodlasie.pl\/NEW\/wp-json\/wp\/v2\/categories?post=29885"},{"taxonomy":"post_tag","embeddable":true,"href":"https:\/\/archiwum.radiopodlasie.pl\/NEW\/wp-json\/wp\/v2\/tags?post=29885"}],"curies":[{"name":"wp","href":"https:\/\/api.w.org\/{rel}","templated":true}]}}