{"id":30350,"date":"2026-03-10T20:03:00","date_gmt":"2026-03-10T19:03:00","guid":{"rendered":"https:\/\/archiwum.radiopodlasie.pl\/NEW\/?p=30350"},"modified":"2026-03-13T15:04:23","modified_gmt":"2026-03-13T14:04:23","slug":"rozmowa-z-kazimierzem-gajowym-o-konflikcie-na-bliskim-wschodzie","status":"publish","type":"post","link":"https:\/\/archiwum.radiopodlasie.pl\/NEW\/2026\/03\/10\/rozmowa-z-kazimierzem-gajowym-o-konflikcie-na-bliskim-wschodzie\/","title":{"rendered":"Rozmowa z Kazimierzem Gajowym o konflikcie na Bliskim Wschodzie"},"content":{"rendered":"<p>Tytu\u0142: Rozmowa z Kazimierzem Gajowym o konflikcie na Bliskim Wschodzie<\/p>\n<p>Autor: Grzegorz Skwarek<\/p>\n<p>Nazwa audycji: <strong><span style=\"color: #339966;\"> Rozmowa do\u015b\u0107 powa\u017cna<\/span><\/strong><br \/>Data emisji: 10-03-2026<\/p>\n<p>W dzisiejszej audycji Rozmowa do\u015b\u0107 powa\u017cna o tym, jak wygl\u0105da konflikt na Bliskim Wschodzie z punktu widzenia mieszka\u0144ca Libanu. Go\u015bciem Grzegorza Skwarka by\u0142 Kazimierz Gajowy &#8211; prezes Fundacji Fenicja im. \u015aw. Charbela.<\/p>\n\n\n<figure class=\"wp-block-audio\"><audio controls src=\"https:\/\/dzwieki.radiopodlasie.pl:8789\/uploads\/2026\/03\/260310_rozmowa_GS_KGajowy.mp3\"><\/audio><\/figure>\n","protected":false},"excerpt":{"rendered":"<p>Tytu\u0142: Rozmowa z Kazimierzem Gajowym o konflikcie na Bliskim Wschodzie Autor: Grzegorz Skwarek Nazwa audycji: Rozmowa do\u015b\u0107 powa\u017cnaData emisji: 10-03-2026 W dzisiejszej audycji Rozmowa do\u015b\u0107 powa\u017cna o tym, jak wygl\u0105da konflikt na Bliskim Wschodzie&#46;&#46;&#46;<\/p>\n","protected":false},"author":123459,"featured_media":5962,"comment_status":"open","ping_status":"open","sticky":false,"template":"","format":"standard","meta":{"om_disable_all_campaigns":false,"_monsterinsights_skip_tracking":false,"_monsterinsights_sitenote_active":false,"_monsterinsights_sitenote_note":"","_monsterinsights_sitenote_category":0,"footnotes":""},"categories":[323,330],"tags":[207,312],"class_list":["post-30350","post","type-post","status-publish","format-standard","has-post-thumbnail","hentry","category-audycje","category-rozmowa-dosc-powazna","tag-grzegorz-skwarek","tag-kazimierz-gajowy"],"aioseo_notices":[],"_links":{"self":[{"href":"https:\/\/archiwum.radiopodlasie.pl\/NEW\/wp-json\/wp\/v2\/posts\/30350","targetHints":{"allow":["GET"]}}],"collection":[{"href":"https:\/\/archiwum.radiopodlasie.pl\/NEW\/wp-json\/wp\/v2\/posts"}],"about":[{"href":"https:\/\/archiwum.radiopodlasie.pl\/NEW\/wp-json\/wp\/v2\/types\/post"}],"author":[{"embeddable":true,"href":"https:\/\/archiwum.radiopodlasie.pl\/NEW\/wp-json\/wp\/v2\/users\/123459"}],"replies":[{"embeddable":true,"href":"https:\/\/archiwum.radiopodlasie.pl\/NEW\/wp-json\/wp\/v2\/comments?post=30350"}],"version-history":[{"count":1,"href":"https:\/\/archiwum.radiopodlasie.pl\/NEW\/wp-json\/wp\/v2\/posts\/30350\/revisions"}],"predecessor-version":[{"id":30351,"href":"https:\/\/archiwum.radiopodlasie.pl\/NEW\/wp-json\/wp\/v2\/posts\/30350\/revisions\/30351"}],"wp:featuredmedia":[{"embeddable":true,"href":"https:\/\/archiwum.radiopodlasie.pl\/NEW\/wp-json\/wp\/v2\/media\/5962"}],"wp:attachment":[{"href":"https:\/\/archiwum.radiopodlasie.pl\/NEW\/wp-json\/wp\/v2\/media?parent=30350"}],"wp:term":[{"taxonomy":"category","embeddable":true,"href":"https:\/\/archiwum.radiopodlasie.pl\/NEW\/wp-json\/wp\/v2\/categories?post=30350"},{"taxonomy":"post_tag","embeddable":true,"href":"https:\/\/archiwum.radiopodlasie.pl\/NEW\/wp-json\/wp\/v2\/tags?post=30350"}],"curies":[{"name":"wp","href":"https:\/\/api.w.org\/{rel}","templated":true}]}}