{"id":30381,"date":"2026-03-10T17:34:00","date_gmt":"2026-03-10T16:34:00","guid":{"rendered":"https:\/\/archiwum.radiopodlasie.pl\/NEW\/?p=30381"},"modified":"2026-03-13T19:34:39","modified_gmt":"2026-03-13T18:34:39","slug":"czy-wraz-z-nadejsciem-wiosny-przybywa-turystow-w-drohiczynie","status":"publish","type":"post","link":"https:\/\/archiwum.radiopodlasie.pl\/NEW\/2026\/03\/10\/czy-wraz-z-nadejsciem-wiosny-przybywa-turystow-w-drohiczynie\/","title":{"rendered":"Czy wraz z nadej\u015bciem wiosny przybywa turyst\u00f3w w Drohiczynie?"},"content":{"rendered":"<p>Tytu\u0142<strong>: Czy wraz z nadej\u015bciem wiosny przybywa turyst\u00f3w w Drohiczynie?<\/strong><\/p>\n<p>Autor: Agnieszka Bolewska-Iwaniuk<\/p>\n<p>Nazwa audycji: <strong><span style=\"color: #339966;\">Wywiady<\/span><\/strong><br \/>Data emisji: 10-03-2026<\/p>\n<p>A nad Bugiem, prosz\u0119 pa\u0144stwa, czu\u0107 ju\u017c wyra\u017anie nadchodz\u0105c\u0105 wiosn\u0119. \u015aniegi stopnia\u0142y, l\u00f3d na rzece znika, a przyroda budzi si\u0119 do \u017cycia. Z ciep\u0142ych kraj\u00f3w wracaj\u0105 pierwsze ptaki, na drzewach pojawiaj\u0105 si\u0119 p\u0105ki nabrzmia\u0142e sokami, dni staj\u0105 si\u0119 coraz d\u0142u\u017csze i cieplejsze. To w\u0142a\u015bnie ten moment w roku, kiedy nadbu\u017ca\u0144skie krajobrazy zaczynaj\u0105 przyci\u0105ga\u0107 coraz wi\u0119cej odwiedzaj\u0105cych.<\/p>\n<p>Wraz z nadej\u015bciem wiosny do Drohiczyna i okolic coraz liczniej zagl\u0105daj\u0105 tury\u015bci \u2014 spacerowicze, rowerzy\u015bci i ci, kt\u00f3rzy chc\u0105 cho\u0107 na chwil\u0119 odpocz\u0105\u0107 nad Bugiem i nacieszy\u0107 si\u0119 budz\u0105c\u0105 si\u0119 przyrod\u0105.<\/p>\n<p>Czy ten wzmo\u017cony ruch turystyczny jest ju\u017c widoczny w Drohiczynie? O to Agnieszka Bolewska-Iwaniuk zapyta\u0142a Rafa\u0142a Siwka, dyrektora Miejsko-Gminnego O\u015brodka Kultury w Drohiczynie.<\/p>\n\n\n<figure class=\"wp-block-image size-large\"><img loading=\"lazy\" decoding=\"async\" width=\"1024\" height=\"683\" src=\"http:\/\/archiwum.radiopodlasie.pl\/NEW\/wp-content\/uploads\/2026\/03\/Rafal-Siwek-1024x683.jpg\" alt=\"\" class=\"wp-image-30383\" srcset=\"https:\/\/archiwum.radiopodlasie.pl\/NEW\/wp-content\/uploads\/2026\/03\/Rafal-Siwek-1024x683.jpg 1024w, https:\/\/archiwum.radiopodlasie.pl\/NEW\/wp-content\/uploads\/2026\/03\/Rafal-Siwek-300x200.jpg 300w, https:\/\/archiwum.radiopodlasie.pl\/NEW\/wp-content\/uploads\/2026\/03\/Rafal-Siwek-768x512.jpg 768w, https:\/\/archiwum.radiopodlasie.pl\/NEW\/wp-content\/uploads\/2026\/03\/Rafal-Siwek.jpg 1200w\" sizes=\"auto, (max-width: 1024px) 100vw, 1024px\" \/><\/figure>\n\n\n\n<figure class=\"wp-block-audio\"><audio controls src=\"https:\/\/dzwieki.radiopodlasie.pl:8789\/uploads\/2026\/03\/260310_abol_10_RafalSiwek_PP.mp3\"><\/audio><\/figure>\n\n\n\n<p><\/p>\n","protected":false},"excerpt":{"rendered":"<p>Tytu\u0142: Czy wraz z nadej\u015bciem wiosny przybywa turyst\u00f3w w Drohiczynie? Autor: Agnieszka Bolewska-Iwaniuk Nazwa audycji: WywiadyData emisji: 10-03-2026 A nad Bugiem, prosz\u0119 pa\u0144stwa, czu\u0107 ju\u017c wyra\u017anie nadchodz\u0105c\u0105 wiosn\u0119. \u015aniegi stopnia\u0142y, l\u00f3d na rzece znika,&#46;&#46;&#46;<\/p>\n","protected":false},"author":123459,"featured_media":30383,"comment_status":"open","ping_status":"open","sticky":false,"template":"","format":"standard","meta":{"om_disable_all_campaigns":false,"_monsterinsights_skip_tracking":false,"_monsterinsights_sitenote_active":false,"_monsterinsights_sitenote_note":"","_monsterinsights_sitenote_category":0,"footnotes":""},"categories":[360,320],"tags":[201,840,1618],"class_list":["post-30381","post","type-post","status-publish","format-standard","has-post-thumbnail","hentry","category-agnieszka-bolewska-iwaniuk","category-wywiady","tag-agnieszka-bolewska-iwaniuk","tag-drohiczyn","tag-rafal-siwek"],"aioseo_notices":[],"_links":{"self":[{"href":"https:\/\/archiwum.radiopodlasie.pl\/NEW\/wp-json\/wp\/v2\/posts\/30381","targetHints":{"allow":["GET"]}}],"collection":[{"href":"https:\/\/archiwum.radiopodlasie.pl\/NEW\/wp-json\/wp\/v2\/posts"}],"about":[{"href":"https:\/\/archiwum.radiopodlasie.pl\/NEW\/wp-json\/wp\/v2\/types\/post"}],"author":[{"embeddable":true,"href":"https:\/\/archiwum.radiopodlasie.pl\/NEW\/wp-json\/wp\/v2\/users\/123459"}],"replies":[{"embeddable":true,"href":"https:\/\/archiwum.radiopodlasie.pl\/NEW\/wp-json\/wp\/v2\/comments?post=30381"}],"version-history":[{"count":2,"href":"https:\/\/archiwum.radiopodlasie.pl\/NEW\/wp-json\/wp\/v2\/posts\/30381\/revisions"}],"predecessor-version":[{"id":30384,"href":"https:\/\/archiwum.radiopodlasie.pl\/NEW\/wp-json\/wp\/v2\/posts\/30381\/revisions\/30384"}],"wp:featuredmedia":[{"embeddable":true,"href":"https:\/\/archiwum.radiopodlasie.pl\/NEW\/wp-json\/wp\/v2\/media\/30383"}],"wp:attachment":[{"href":"https:\/\/archiwum.radiopodlasie.pl\/NEW\/wp-json\/wp\/v2\/media?parent=30381"}],"wp:term":[{"taxonomy":"category","embeddable":true,"href":"https:\/\/archiwum.radiopodlasie.pl\/NEW\/wp-json\/wp\/v2\/categories?post=30381"},{"taxonomy":"post_tag","embeddable":true,"href":"https:\/\/archiwum.radiopodlasie.pl\/NEW\/wp-json\/wp\/v2\/tags?post=30381"}],"curies":[{"name":"wp","href":"https:\/\/api.w.org\/{rel}","templated":true}]}}