{"id":30399,"date":"2026-03-16T16:56:00","date_gmt":"2026-03-16T15:56:00","guid":{"rendered":"https:\/\/archiwum.radiopodlasie.pl\/NEW\/?p=30399"},"modified":"2026-03-16T08:10:09","modified_gmt":"2026-03-16T07:10:09","slug":"uczennice-iv-lo-pokazuja-jak-reagowac-z-glowa-kiermasz-charytatywny","status":"publish","type":"post","link":"https:\/\/archiwum.radiopodlasie.pl\/NEW\/2026\/03\/16\/uczennice-iv-lo-pokazuja-jak-reagowac-z-glowa-kiermasz-charytatywny\/","title":{"rendered":"Uczennice IV LO pokazuj\u0105 jak \u201eReagowa\u0107 z g\u0142ow\u0105\u201d &#8211; kiermasz charytatywny"},"content":{"rendered":"<p>Tytu\u0142: <strong>Uczennice IV LO pokazuj\u0105 jak \u201eReagowa\u0107 z g\u0142ow\u0105\u201d &#8211; kiermasz charytatywny<\/strong><\/p>\n<p>Autor: Katarzyna Chaci\u0144ska<\/p>\n<p>Nazwa audycji: <strong><span style=\"color: #339966;\">Wywiady<\/span><\/strong><br \/>Data emisji: 16-03-2026<\/p>\n<p>Projekt spo\u0142eczny uczennic IV Liceum Og\u00f3lnokszta\u0142c\u0105cego im. Hetmana Stanis\u0142awa \u017b\u00f3\u0142kiewskiego w Siedlcach pod has\u0142em \u201eReaguj z g\u0142ow\u0105\u201d pojawi\u0142 si\u0119 nie tylko w szko\u0142ach, ale tak\u017ce zawita\u0142 do siedleckiej Galerii.<\/p>\n<p>W pi\u0105tek, 13 marca w Galerii Siedlce odby\u0142 si\u0119 kiermasz charytatywny projektu \u201eReaguj z g\u0142ow\u0105\u201d. Ca\u0142y doch\u00f3d ze sprzeda\u017cy domowych ciast i pierog\u00f3w pieczonych przez uczni\u00f3w, ich rodzic\u00f3w i nauczycieli \u201e\u017b\u00f3\u0142kiewskiego\u201d zostanie przeznaczony na zakup AED \u2013 automatycznego defibrylatora, kt\u00f3ry mo\u017ce uratowa\u0107 \u017cycie i zwi\u0119kszy\u0107 bezpiecze\u0144stwo mieszka\u0144c\u00f3w miasta i uczni\u00f3w. Inicjatywie towarzyszy\u0142 pokaz oraz \u0107wiczenia w zakresie resuscytacji kr\u0105\u017ceniowo-oddechowej (RKO) oraz pokaz obs\u0142ugi AED, dzi\u0119ki kt\u00f3rym uczestnicy mogli nauczy\u0107 si\u0119, jak reagowa\u0107 i pom\u00f3c w sytuacjach zagro\u017cenia \u017cycia.<\/p>\n<p>Katarzyna Chaci\u0144ska rozmawia\u0142a z inicjatorkami projektu \u201eReaguj z g\u0142ow\u0105\u201d, uczennicami siedleckiego liceum \u201e\u017b\u00f3\u0142kiewskiego\u201d &#8211; Aleksandr\u0105 , Maj\u0105, Zuzi\u0105 oraz Julit\u0105 o ich autorskim projekcie.<\/p>\n\n\n<figure class=\"wp-block-audio\"><audio controls src=\"https:\/\/dzwieki.radiopodlasie.pl:8789\/uploads\/2026\/03\/260316_kch_16_reagujzglowa_projekt.mp3\"><\/audio><\/figure>\n\n\n\n<p>Dzi\u0119ki udzia\u0142owi w inicjatywie, m\u0142odzie\u017c mia\u0142a mo\u017cliwo\u015b\u0107 zdobycia praktycznego do\u015bwiadczenia w organizacji wydarze\u0144 i dzia\u0142a\u0144 charytatywnych. Ka\u017cda zebrana z\u0142ot\u00f3wka podczas kiermaszu, to kolejny krok w stron\u0119 realizacji zebrania na defibrylator. Uczestnik\u00f3w projektu wspierali nauczyciele z IV LO w Siedlcach, razem z dyrektorem plac\u00f3wki- Jackiem Jagie\u0142\u0142o.<\/p>\n\n\n\n<p><\/p>\n","protected":false},"excerpt":{"rendered":"<p>Tytu\u0142: Uczennice IV LO pokazuj\u0105 jak \u201eReagowa\u0107 z g\u0142ow\u0105\u201d &#8211; kiermasz charytatywny Autor: Katarzyna Chaci\u0144ska Nazwa audycji: WywiadyData emisji: 16-03-2026 Projekt spo\u0142eczny uczennic IV Liceum Og\u00f3lnokszta\u0142c\u0105cego im. Hetmana Stanis\u0142awa \u017b\u00f3\u0142kiewskiego w Siedlcach pod has\u0142em&#46;&#46;&#46;<\/p>\n","protected":false},"author":123459,"featured_media":5184,"comment_status":"open","ping_status":"open","sticky":false,"template":"","format":"standard","meta":{"om_disable_all_campaigns":false,"_monsterinsights_skip_tracking":false,"_monsterinsights_sitenote_active":false,"_monsterinsights_sitenote_note":"","_monsterinsights_sitenote_category":0,"footnotes":""},"categories":[3528,320],"tags":[4588,3712,4589,4587],"class_list":["post-30399","post","type-post","status-publish","format-standard","has-post-thumbnail","hentry","category-katarzyna-chacinska","category-wywiady","tag-jacek-jagiello","tag-katarzyna-chacinska","tag-kiermasz-charytatywny","tag-lo-zolkiewski"],"aioseo_notices":[],"_links":{"self":[{"href":"https:\/\/archiwum.radiopodlasie.pl\/NEW\/wp-json\/wp\/v2\/posts\/30399","targetHints":{"allow":["GET"]}}],"collection":[{"href":"https:\/\/archiwum.radiopodlasie.pl\/NEW\/wp-json\/wp\/v2\/posts"}],"about":[{"href":"https:\/\/archiwum.radiopodlasie.pl\/NEW\/wp-json\/wp\/v2\/types\/post"}],"author":[{"embeddable":true,"href":"https:\/\/archiwum.radiopodlasie.pl\/NEW\/wp-json\/wp\/v2\/users\/123459"}],"replies":[{"embeddable":true,"href":"https:\/\/archiwum.radiopodlasie.pl\/NEW\/wp-json\/wp\/v2\/comments?post=30399"}],"version-history":[{"count":2,"href":"https:\/\/archiwum.radiopodlasie.pl\/NEW\/wp-json\/wp\/v2\/posts\/30399\/revisions"}],"predecessor-version":[{"id":30401,"href":"https:\/\/archiwum.radiopodlasie.pl\/NEW\/wp-json\/wp\/v2\/posts\/30399\/revisions\/30401"}],"wp:featuredmedia":[{"embeddable":true,"href":"https:\/\/archiwum.radiopodlasie.pl\/NEW\/wp-json\/wp\/v2\/media\/5184"}],"wp:attachment":[{"href":"https:\/\/archiwum.radiopodlasie.pl\/NEW\/wp-json\/wp\/v2\/media?parent=30399"}],"wp:term":[{"taxonomy":"category","embeddable":true,"href":"https:\/\/archiwum.radiopodlasie.pl\/NEW\/wp-json\/wp\/v2\/categories?post=30399"},{"taxonomy":"post_tag","embeddable":true,"href":"https:\/\/archiwum.radiopodlasie.pl\/NEW\/wp-json\/wp\/v2\/tags?post=30399"}],"curies":[{"name":"wp","href":"https:\/\/api.w.org\/{rel}","templated":true}]}}