{"id":30440,"date":"2026-03-16T16:54:00","date_gmt":"2026-03-16T15:54:00","guid":{"rendered":"https:\/\/archiwum.radiopodlasie.pl\/NEW\/?p=30440"},"modified":"2026-03-16T13:50:21","modified_gmt":"2026-03-16T12:50:21","slug":"jarmark-wielkanocny-zintegrowal-mieszkancow-grodziska","status":"publish","type":"post","link":"https:\/\/archiwum.radiopodlasie.pl\/NEW\/2026\/03\/16\/jarmark-wielkanocny-zintegrowal-mieszkancow-grodziska\/","title":{"rendered":"Jarmark wielkanocny zintegrowa\u0142 mieszka\u0144c\u00f3w Grodziska"},"content":{"rendered":"<p>Tytu\u0142<strong>: Jarmark wielkanocny zintegrowa\u0142 mieszka\u0144c\u00f3w Grodziska<\/strong><\/p>\n<p>Autor: Agnieszka Bolewska-Iwaniuk<\/p>\n<p>Nazwa audycji: <strong><span style=\"color: #339966;\">Wywiady<\/span><\/strong><br \/>Data emisji: 16-03-2026<\/p>\n<p>Wielkanocny jarmark odby\u0142 si\u0119 w 15 marca 2026 r. w Grodzisku i mia\u0142 charakter integracyjnego spotkania mieszka\u0144c\u00f3w. Przygotowane stoiska pokaza\u0142y bogactwo lokalnych tradycji i zaanga\u017cowanie wielu \u015brodowisk \u2013 od K\u00f3\u0142 Gospody\u0144 Wiejskich, przez Kluby Seniora, po dzieci i ich rodzic\u00f3w. <br \/>Wydarzenie by\u0142o jednym z element\u00f3w uroczysto\u015bci organizowanych w Grodzisku w zwi\u0105zku z rocznic\u0105 \u015bmierci wieloletniego tutejszego proboszcza, ks. Henryka Nowaka. W programie znalaz\u0142y si\u0119 tak\u017ce koncert, przedstawienie pasyjne oraz ods\u0142oni\u0119cie tablicy pami\u0105tkowej po\u015bwi\u0119conej kap\u0142anowi.<br \/>Wydarzenia te odwiedzi\u0142a Agnieszka Bolewska-Iwaniuk.<\/p>\n\n\n<figure class=\"wp-block-image size-large\"><img loading=\"lazy\" decoding=\"async\" width=\"1024\" height=\"683\" src=\"http:\/\/archiwum.radiopodlasie.pl\/NEW\/wp-content\/uploads\/2026\/03\/abol_16_Grodzisk-tablica-ks-Nowaka-i-jarmark-80-1024x683.jpg\" alt=\"\" class=\"wp-image-30444\" srcset=\"https:\/\/archiwum.radiopodlasie.pl\/NEW\/wp-content\/uploads\/2026\/03\/abol_16_Grodzisk-tablica-ks-Nowaka-i-jarmark-80-1024x683.jpg 1024w, https:\/\/archiwum.radiopodlasie.pl\/NEW\/wp-content\/uploads\/2026\/03\/abol_16_Grodzisk-tablica-ks-Nowaka-i-jarmark-80-300x200.jpg 300w, https:\/\/archiwum.radiopodlasie.pl\/NEW\/wp-content\/uploads\/2026\/03\/abol_16_Grodzisk-tablica-ks-Nowaka-i-jarmark-80-768x512.jpg 768w, https:\/\/archiwum.radiopodlasie.pl\/NEW\/wp-content\/uploads\/2026\/03\/abol_16_Grodzisk-tablica-ks-Nowaka-i-jarmark-80.jpg 1200w\" sizes=\"auto, (max-width: 1024px) 100vw, 1024px\" \/><\/figure>\n\n\n\n<figure class=\"wp-block-audio\"><audio controls src=\"https:\/\/dzwieki.radiopodlasie.pl:8789\/uploads\/2026\/03\/260316_abol_16_jarmark_grodzisk.mp3\"><\/audio><\/figure>\n\n\n\n<p><\/p>\n","protected":false},"excerpt":{"rendered":"<p>Tytu\u0142: Jarmark wielkanocny zintegrowa\u0142 mieszka\u0144c\u00f3w Grodziska Autor: Agnieszka Bolewska-Iwaniuk Nazwa audycji: WywiadyData emisji: 16-03-2026 Wielkanocny jarmark odby\u0142 si\u0119 w 15 marca 2026 r. w Grodzisku i mia\u0142 charakter integracyjnego spotkania mieszka\u0144c\u00f3w. Przygotowane stoiska pokaza\u0142y&#46;&#46;&#46;<\/p>\n","protected":false},"author":123459,"featured_media":30444,"comment_status":"open","ping_status":"open","sticky":false,"template":"","format":"standard","meta":{"om_disable_all_campaigns":false,"_monsterinsights_skip_tracking":false,"_monsterinsights_sitenote_active":false,"_monsterinsights_sitenote_note":"","_monsterinsights_sitenote_category":0,"footnotes":""},"categories":[360,320],"tags":[201,3109,4593],"class_list":["post-30440","post","type-post","status-publish","format-standard","has-post-thumbnail","hentry","category-agnieszka-bolewska-iwaniuk","category-wywiady","tag-agnieszka-bolewska-iwaniuk","tag-grodzisk","tag-jarmark-wielkanocny"],"aioseo_notices":[],"_links":{"self":[{"href":"https:\/\/archiwum.radiopodlasie.pl\/NEW\/wp-json\/wp\/v2\/posts\/30440","targetHints":{"allow":["GET"]}}],"collection":[{"href":"https:\/\/archiwum.radiopodlasie.pl\/NEW\/wp-json\/wp\/v2\/posts"}],"about":[{"href":"https:\/\/archiwum.radiopodlasie.pl\/NEW\/wp-json\/wp\/v2\/types\/post"}],"author":[{"embeddable":true,"href":"https:\/\/archiwum.radiopodlasie.pl\/NEW\/wp-json\/wp\/v2\/users\/123459"}],"replies":[{"embeddable":true,"href":"https:\/\/archiwum.radiopodlasie.pl\/NEW\/wp-json\/wp\/v2\/comments?post=30440"}],"version-history":[{"count":3,"href":"https:\/\/archiwum.radiopodlasie.pl\/NEW\/wp-json\/wp\/v2\/posts\/30440\/revisions"}],"predecessor-version":[{"id":30445,"href":"https:\/\/archiwum.radiopodlasie.pl\/NEW\/wp-json\/wp\/v2\/posts\/30440\/revisions\/30445"}],"wp:featuredmedia":[{"embeddable":true,"href":"https:\/\/archiwum.radiopodlasie.pl\/NEW\/wp-json\/wp\/v2\/media\/30444"}],"wp:attachment":[{"href":"https:\/\/archiwum.radiopodlasie.pl\/NEW\/wp-json\/wp\/v2\/media?parent=30440"}],"wp:term":[{"taxonomy":"category","embeddable":true,"href":"https:\/\/archiwum.radiopodlasie.pl\/NEW\/wp-json\/wp\/v2\/categories?post=30440"},{"taxonomy":"post_tag","embeddable":true,"href":"https:\/\/archiwum.radiopodlasie.pl\/NEW\/wp-json\/wp\/v2\/tags?post=30440"}],"curies":[{"name":"wp","href":"https:\/\/api.w.org\/{rel}","templated":true}]}}