{"id":30932,"date":"2026-04-26T09:55:00","date_gmt":"2026-04-26T07:55:00","guid":{"rendered":"https:\/\/archiwum.radiopodlasie.pl\/NEW\/?p=30932"},"modified":"2026-04-24T19:31:32","modified_gmt":"2026-04-24T17:31:32","slug":"czytania-na-iv-niedziele-wielkanocna-4","status":"publish","type":"post","link":"https:\/\/archiwum.radiopodlasie.pl\/NEW\/2026\/04\/26\/czytania-na-iv-niedziele-wielkanocna-4\/","title":{"rendered":"Czytania na IV NIEDZIEL\u0118 WIELKANOCN\u0104"},"content":{"rendered":"\n<p>Tytu\u0142<strong>: <\/strong> <strong>Czytania na IV NIEDZIEL\u0118 WIELKANOCN\u0104<\/strong><\/p>\n\n\n\n<p>Autor: <strong>Joanna Kuczborska,<\/strong> ks. Kamil Duszek<\/p>\n\n\n\n<p><strong><span style=\"color: #339966\">Nazwa audycji: Katolik w \u015bwiecie &#8211; instrukcja obs\u0142ugi<\/span><\/strong><\/p>\n\n\n\n<p><\/p>\n\n\n\n<p>Data emisji: 26-04-2026 r.<\/p>\n\n\n\n<p>Dz 2,14a.36\u201341 Ps 23 1P 2,20b\u201325 J 10,1\u201310<br>\u00abC\u00f3\u017c mamy czyni\u0107, bracia?\u00bb \u2013 zapytali Piotra i pozosta\u0142ych aposto\u0142\u00f3w. \u00abNawr\u00f3\u0107cie si\u0119 \u2013 powiedzia\u0142 do nich Piotr \u2013 i niech ka\u017cdy z was przyjmie chrzest w imi\u0119 Jezusa Chrystusa na odpuszczenie grzech\u00f3w waszych, a otrzymacie w darze Ducha \u015awi\u0119tego. \u00bb.<br>\u201eNajdro\u017csi: (..) B\u0142\u0105dzili\u015bcie bowiem jak owce, ale teraz nawr\u00f3cili\u015bcie si\u0119 do Pasterza i Str\u00f3\u017ca dusz waszych\u201d.<br>\u00abZaprawd\u0119, zaprawd\u0119, powiadam wam: Ja jestem bram\u0105 owiec. (..) Je\u017celi kto\u015b wejdzie przeze Mnie, b\u0119dzie zbawiony \u2013 wejdzie i wyjdzie, i znajdzie pastwisko. \u00bb.<\/p>\n\n\n\n<figure class=\"wp-block-audio\"><audio controls src=\"https:\/\/dzwieki.radiopodlasie.pl:8789\/uploads\/2026\/04\/260426_katolik_JK_xDuszek.mp3\"><\/audio><\/figure>\n","protected":false},"excerpt":{"rendered":"<p>Tytu\u0142: Czytania na IV NIEDZIEL\u0118 WIELKANOCN\u0104 Autor: Joanna Kuczborska, ks. Kamil Duszek Nazwa audycji: Katolik w \u015bwiecie &#8211; instrukcja obs\u0142ugi Data emisji: 26-04-2026 r. Dz 2,14a.36\u201341 Ps 23 1P 2,20b\u201325 J 10,1\u201310\u00abC\u00f3\u017c mamy czyni\u0107,&#46;&#46;&#46;<\/p>\n","protected":false},"author":123459,"featured_media":5933,"comment_status":"open","ping_status":"open","sticky":false,"template":"","format":"standard","meta":{"om_disable_all_campaigns":false,"_monsterinsights_skip_tracking":false,"_monsterinsights_sitenote_active":false,"_monsterinsights_sitenote_note":"","_monsterinsights_sitenote_category":0,"footnotes":""},"categories":[1700],"tags":[1809,85],"class_list":["post-30932","post","type-post","status-publish","format-standard","has-post-thumbnail","hentry","category-katolik-w-swiecie-instrukcja-obslugi","tag-katolik","tag-niedziela"],"aioseo_notices":[],"_links":{"self":[{"href":"https:\/\/archiwum.radiopodlasie.pl\/NEW\/wp-json\/wp\/v2\/posts\/30932","targetHints":{"allow":["GET"]}}],"collection":[{"href":"https:\/\/archiwum.radiopodlasie.pl\/NEW\/wp-json\/wp\/v2\/posts"}],"about":[{"href":"https:\/\/archiwum.radiopodlasie.pl\/NEW\/wp-json\/wp\/v2\/types\/post"}],"author":[{"embeddable":true,"href":"https:\/\/archiwum.radiopodlasie.pl\/NEW\/wp-json\/wp\/v2\/users\/123459"}],"replies":[{"embeddable":true,"href":"https:\/\/archiwum.radiopodlasie.pl\/NEW\/wp-json\/wp\/v2\/comments?post=30932"}],"version-history":[{"count":1,"href":"https:\/\/archiwum.radiopodlasie.pl\/NEW\/wp-json\/wp\/v2\/posts\/30932\/revisions"}],"predecessor-version":[{"id":30933,"href":"https:\/\/archiwum.radiopodlasie.pl\/NEW\/wp-json\/wp\/v2\/posts\/30932\/revisions\/30933"}],"wp:featuredmedia":[{"embeddable":true,"href":"https:\/\/archiwum.radiopodlasie.pl\/NEW\/wp-json\/wp\/v2\/media\/5933"}],"wp:attachment":[{"href":"https:\/\/archiwum.radiopodlasie.pl\/NEW\/wp-json\/wp\/v2\/media?parent=30932"}],"wp:term":[{"taxonomy":"category","embeddable":true,"href":"https:\/\/archiwum.radiopodlasie.pl\/NEW\/wp-json\/wp\/v2\/categories?post=30932"},{"taxonomy":"post_tag","embeddable":true,"href":"https:\/\/archiwum.radiopodlasie.pl\/NEW\/wp-json\/wp\/v2\/tags?post=30932"}],"curies":[{"name":"wp","href":"https:\/\/api.w.org\/{rel}","templated":true}]}}