{"id":30943,"date":"2026-04-24T17:48:00","date_gmt":"2026-04-24T15:48:00","guid":{"rendered":"https:\/\/archiwum.radiopodlasie.pl\/NEW\/?p=30943"},"modified":"2026-04-27T08:50:32","modified_gmt":"2026-04-27T06:50:32","slug":"rozmowa-z-ks-rafalem-pietruczukiem-18-ogolnopolski-tydzien-biblijny","status":"publish","type":"post","link":"https:\/\/archiwum.radiopodlasie.pl\/NEW\/2026\/04\/24\/rozmowa-z-ks-rafalem-pietruczukiem-18-ogolnopolski-tydzien-biblijny\/","title":{"rendered":"Rozmowa z ks. Rafa\u0142em Pietruczukiem. 18. Og\u00f3lnopolski Tydzie\u0144 Biblijny"},"content":{"rendered":"<p>Tytu\u0142<em>: <\/em><strong>Rozmowa z ks. Rafa\u0142em Pietruczukiem. 18. Og\u00f3lnopolski Tydzie\u0144 Biblijny<\/strong><\/p>\n<p>Autor: Joanna Kuczborska<\/p>\n<p>Nazwa audycji: <strong><span style=\"color: #339966;\">Wywiady<\/span><\/strong><br \/>Data emisji: 24-04-2026<\/p>\n\n\n<figure class=\"wp-block-image size-large\"><img loading=\"lazy\" decoding=\"async\" width=\"1024\" height=\"576\" src=\"http:\/\/archiwum.radiopodlasie.pl\/NEW\/wp-content\/uploads\/2026\/04\/S0n7W3y9-1024x576.jpg\" alt=\"\" class=\"wp-image-30945\" srcset=\"https:\/\/archiwum.radiopodlasie.pl\/NEW\/wp-content\/uploads\/2026\/04\/S0n7W3y9-1024x576.jpg 1024w, https:\/\/archiwum.radiopodlasie.pl\/NEW\/wp-content\/uploads\/2026\/04\/S0n7W3y9-300x169.jpg 300w, https:\/\/archiwum.radiopodlasie.pl\/NEW\/wp-content\/uploads\/2026\/04\/S0n7W3y9-768x432.jpg 768w, https:\/\/archiwum.radiopodlasie.pl\/NEW\/wp-content\/uploads\/2026\/04\/S0n7W3y9-1536x864.jpg 1536w, https:\/\/archiwum.radiopodlasie.pl\/NEW\/wp-content\/uploads\/2026\/04\/S0n7W3y9.jpg 2048w\" sizes=\"auto, (max-width: 1024px) 100vw, 1024px\" \/><\/figure>\n\n\n\n<figure class=\"wp-block-audio\"><audio controls src=\"https:\/\/dzwieki.radiopodlasie.pl:8789\/uploads\/2026\/04\/260424_jk_xPietruczuk_TYDZ_1.mp3\"><\/audio><\/figure>\n\n\n\n<figure class=\"wp-block-audio\"><audio controls src=\"https:\/\/dzwieki.radiopodlasie.pl:8789\/uploads\/2026\/04\/260424_jk_xPietruczuk_TYDZ_2.mp3\"><\/audio><\/figure>\n\n\n\n<figure class=\"wp-block-audio\"><audio controls src=\"https:\/\/dzwieki.radiopodlasie.pl:8789\/uploads\/2026\/04\/260424_jk_xPietruczuk_TYDZ_3.mp3\"><\/audio><\/figure>\n\n\n\n<p><\/p>\n","protected":false},"excerpt":{"rendered":"<p>Tytu\u0142: Rozmowa z ks. Rafa\u0142em Pietruczukiem. 18. Og\u00f3lnopolski Tydzie\u0144 Biblijny Autor: Joanna Kuczborska Nazwa audycji: WywiadyData emisji: 24-04-2026<\/p>\n","protected":false},"author":123459,"featured_media":30945,"comment_status":"open","ping_status":"open","sticky":false,"template":"","format":"standard","meta":{"om_disable_all_campaigns":false,"_monsterinsights_skip_tracking":false,"_monsterinsights_sitenote_active":false,"_monsterinsights_sitenote_note":"","_monsterinsights_sitenote_category":0,"footnotes":""},"categories":[363,320],"tags":[315,4383,4648],"class_list":["post-30943","post","type-post","status-publish","format-standard","has-post-thumbnail","hentry","category-joanna-kuczborska","category-wywiady","tag-joanna-kuczborska","tag-ks-rafal-pietruczuk","tag-tydzien-biblijny"],"aioseo_notices":[],"_links":{"self":[{"href":"https:\/\/archiwum.radiopodlasie.pl\/NEW\/wp-json\/wp\/v2\/posts\/30943","targetHints":{"allow":["GET"]}}],"collection":[{"href":"https:\/\/archiwum.radiopodlasie.pl\/NEW\/wp-json\/wp\/v2\/posts"}],"about":[{"href":"https:\/\/archiwum.radiopodlasie.pl\/NEW\/wp-json\/wp\/v2\/types\/post"}],"author":[{"embeddable":true,"href":"https:\/\/archiwum.radiopodlasie.pl\/NEW\/wp-json\/wp\/v2\/users\/123459"}],"replies":[{"embeddable":true,"href":"https:\/\/archiwum.radiopodlasie.pl\/NEW\/wp-json\/wp\/v2\/comments?post=30943"}],"version-history":[{"count":3,"href":"https:\/\/archiwum.radiopodlasie.pl\/NEW\/wp-json\/wp\/v2\/posts\/30943\/revisions"}],"predecessor-version":[{"id":30947,"href":"https:\/\/archiwum.radiopodlasie.pl\/NEW\/wp-json\/wp\/v2\/posts\/30943\/revisions\/30947"}],"wp:featuredmedia":[{"embeddable":true,"href":"https:\/\/archiwum.radiopodlasie.pl\/NEW\/wp-json\/wp\/v2\/media\/30945"}],"wp:attachment":[{"href":"https:\/\/archiwum.radiopodlasie.pl\/NEW\/wp-json\/wp\/v2\/media?parent=30943"}],"wp:term":[{"taxonomy":"category","embeddable":true,"href":"https:\/\/archiwum.radiopodlasie.pl\/NEW\/wp-json\/wp\/v2\/categories?post=30943"},{"taxonomy":"post_tag","embeddable":true,"href":"https:\/\/archiwum.radiopodlasie.pl\/NEW\/wp-json\/wp\/v2\/tags?post=30943"}],"curies":[{"name":"wp","href":"https:\/\/api.w.org\/{rel}","templated":true}]}}