{"id":30948,"date":"2026-04-25T08:58:37","date_gmt":"2026-04-25T06:58:37","guid":{"rendered":"https:\/\/archiwum.radiopodlasie.pl\/NEW\/?p=30948"},"modified":"2026-04-27T08:59:02","modified_gmt":"2026-04-27T06:59:02","slug":"audycja-z-polszczyzna-na-ty-z-25-kwietnia-2026","status":"publish","type":"post","link":"https:\/\/archiwum.radiopodlasie.pl\/NEW\/2026\/04\/25\/audycja-z-polszczyzna-na-ty-z-25-kwietnia-2026\/","title":{"rendered":"Audycja &#8222;Z polszczyzn\u0105 na Ty&#8221; z 25 kwietnia 2026"},"content":{"rendered":"<p>Tytu\u0142: Audycja &#8222;Z polszczyzn\u0105 na Ty&#8221; z 25 kwietnia 2026<\/p>\n<p>Autor<strong>: Wies\u0142awa Kwiek<\/strong><\/p>\n<p>Nazwa audycji: <strong>Z polszczyzn\u0105 na Ty<\/strong><br \/>Data emisji: 25-04-2026<\/p>\n<p>Ko\u0144czy si\u0119 czas rozlicze\u0144 podatkowych, a wraz z nim powracaj\u0105 dobrze znane pytania\u2026 tak\u017ce te j\u0119zykowe. Czy przekazujemy p\u00f3\u0142tora procent\u2026 czy p\u00f3\u0142tora procenta? Jak poprawnie m\u00f3wi\u0107 o liczbach i u\u0142amkach w polszczy\u017anie?<br \/>W najbli\u017cszej audycji \u201eZ polszczyzn\u0105 na Ty\u201d przyjrzymy si\u0119 temu, jak m\u00f3wi\u0107, by brzmie\u0107 poprawnie i naturalnie \u2013 nawet w urz\u0119dowych sprawach. Zaprasza Wies\u0142awa Kwiek.<\/p>\n\n\n<figure class=\"wp-block-audio\"><audio controls src=\"https:\/\/dzwieki.radiopodlasie.pl:8789\/uploads\/2026\/04\/260425_pkry_z_polszczyzna_na_ty_2504.mp3\"><\/audio><\/figure>\n\n\n\n<p><\/p>\n","protected":false},"excerpt":{"rendered":"<p>Tytu\u0142: Audycja &#8222;Z polszczyzn\u0105 na Ty&#8221; z 25 kwietnia 2026 Autor: Wies\u0142awa Kwiek Nazwa audycji: Z polszczyzn\u0105 na TyData emisji: 25-04-2026 Ko\u0144czy si\u0119 czas rozlicze\u0144 podatkowych, a wraz z nim powracaj\u0105 dobrze znane pytania\u2026&#46;&#46;&#46;<\/p>\n","protected":false},"author":123459,"featured_media":26760,"comment_status":"open","ping_status":"open","sticky":false,"template":"","format":"standard","meta":{"om_disable_all_campaigns":false,"_monsterinsights_skip_tracking":false,"_monsterinsights_sitenote_active":false,"_monsterinsights_sitenote_note":"","_monsterinsights_sitenote_category":0,"footnotes":""},"categories":[4139],"tags":[2701,4140],"class_list":["post-30948","post","type-post","status-publish","format-standard","has-post-thumbnail","hentry","category-z-polszczyzna-na-ty","tag-wieslawa-kwiek","tag-z-polszczyzna-na-ty"],"aioseo_notices":[],"_links":{"self":[{"href":"https:\/\/archiwum.radiopodlasie.pl\/NEW\/wp-json\/wp\/v2\/posts\/30948","targetHints":{"allow":["GET"]}}],"collection":[{"href":"https:\/\/archiwum.radiopodlasie.pl\/NEW\/wp-json\/wp\/v2\/posts"}],"about":[{"href":"https:\/\/archiwum.radiopodlasie.pl\/NEW\/wp-json\/wp\/v2\/types\/post"}],"author":[{"embeddable":true,"href":"https:\/\/archiwum.radiopodlasie.pl\/NEW\/wp-json\/wp\/v2\/users\/123459"}],"replies":[{"embeddable":true,"href":"https:\/\/archiwum.radiopodlasie.pl\/NEW\/wp-json\/wp\/v2\/comments?post=30948"}],"version-history":[{"count":1,"href":"https:\/\/archiwum.radiopodlasie.pl\/NEW\/wp-json\/wp\/v2\/posts\/30948\/revisions"}],"predecessor-version":[{"id":30949,"href":"https:\/\/archiwum.radiopodlasie.pl\/NEW\/wp-json\/wp\/v2\/posts\/30948\/revisions\/30949"}],"wp:featuredmedia":[{"embeddable":true,"href":"https:\/\/archiwum.radiopodlasie.pl\/NEW\/wp-json\/wp\/v2\/media\/26760"}],"wp:attachment":[{"href":"https:\/\/archiwum.radiopodlasie.pl\/NEW\/wp-json\/wp\/v2\/media?parent=30948"}],"wp:term":[{"taxonomy":"category","embeddable":true,"href":"https:\/\/archiwum.radiopodlasie.pl\/NEW\/wp-json\/wp\/v2\/categories?post=30948"},{"taxonomy":"post_tag","embeddable":true,"href":"https:\/\/archiwum.radiopodlasie.pl\/NEW\/wp-json\/wp\/v2\/tags?post=30948"}],"curies":[{"name":"wp","href":"https:\/\/api.w.org\/{rel}","templated":true}]}}