{"id":30950,"date":"2026-04-25T12:08:00","date_gmt":"2026-04-25T10:08:00","guid":{"rendered":"https:\/\/archiwum.radiopodlasie.pl\/NEW\/?p=30950"},"modified":"2026-04-27T09:09:17","modified_gmt":"2026-04-27T07:09:17","slug":"audycja-na-podlaskim-trakcie-literackim-z-25-kwietnia-2026","status":"publish","type":"post","link":"https:\/\/archiwum.radiopodlasie.pl\/NEW\/2026\/04\/25\/audycja-na-podlaskim-trakcie-literackim-z-25-kwietnia-2026\/","title":{"rendered":"Audycja &#8222;Na Podlaskim Trakcie Literackim&#8221; z 25 kwietnia 2026"},"content":{"rendered":"<p>Tytu\u0142: Audycja &#8222;Na Podlaskim Trakcie Literackim&#8221; z 25 kwietnia 2026<\/p>\n<p>Autor<strong>: Artur Ziontek<br \/><\/strong><\/p>\n<p>Nazwa audycji: <strong>Na Podlaskim Trakcie Literackim<\/strong><br \/>Data emisji: 25-04-2026<\/p>\n<p>Tomek Markiewicz, Jacek Zieli\u0144ski, Zlot Fan\u00f3w Skald\u00f3w, Reymont\u00f3wka i Barbara Ziontek\u2026 zestawienie przypadkowe, czy co\u015b ich jednak \u0142\u0105czy? Zaprasza Artur Ziontek.<\/p>\n\n\n<figure class=\"wp-block-audio\"><audio controls src=\"https:\/\/dzwieki.radiopodlasie.pl:8789\/uploads\/2026\/04\/260425_pkry_trakt_2504.mp3\"><\/audio><\/figure>\n\n\n\n<p><\/p>\n","protected":false},"excerpt":{"rendered":"<p>Tytu\u0142: Audycja &#8222;Na Podlaskim Trakcie Literackim&#8221; z 25 kwietnia 2026 Autor: Artur Ziontek Nazwa audycji: Na Podlaskim Trakcie LiterackimData emisji: 25-04-2026 Tomek Markiewicz, Jacek Zieli\u0144ski, Zlot Fan\u00f3w Skald\u00f3w, Reymont\u00f3wka i Barbara Ziontek\u2026 zestawienie przypadkowe,&#46;&#46;&#46;<\/p>\n","protected":false},"author":123459,"featured_media":22204,"comment_status":"open","ping_status":"open","sticky":false,"template":"","format":"standard","meta":{"om_disable_all_campaigns":false,"_monsterinsights_skip_tracking":false,"_monsterinsights_sitenote_active":false,"_monsterinsights_sitenote_note":"","_monsterinsights_sitenote_category":0,"footnotes":""},"categories":[3648],"tags":[1750],"class_list":["post-30950","post","type-post","status-publish","format-standard","has-post-thumbnail","hentry","category-na-podlaskim-trakcie-literackim","tag-artur-ziontek"],"aioseo_notices":[],"_links":{"self":[{"href":"https:\/\/archiwum.radiopodlasie.pl\/NEW\/wp-json\/wp\/v2\/posts\/30950","targetHints":{"allow":["GET"]}}],"collection":[{"href":"https:\/\/archiwum.radiopodlasie.pl\/NEW\/wp-json\/wp\/v2\/posts"}],"about":[{"href":"https:\/\/archiwum.radiopodlasie.pl\/NEW\/wp-json\/wp\/v2\/types\/post"}],"author":[{"embeddable":true,"href":"https:\/\/archiwum.radiopodlasie.pl\/NEW\/wp-json\/wp\/v2\/users\/123459"}],"replies":[{"embeddable":true,"href":"https:\/\/archiwum.radiopodlasie.pl\/NEW\/wp-json\/wp\/v2\/comments?post=30950"}],"version-history":[{"count":1,"href":"https:\/\/archiwum.radiopodlasie.pl\/NEW\/wp-json\/wp\/v2\/posts\/30950\/revisions"}],"predecessor-version":[{"id":30951,"href":"https:\/\/archiwum.radiopodlasie.pl\/NEW\/wp-json\/wp\/v2\/posts\/30950\/revisions\/30951"}],"wp:featuredmedia":[{"embeddable":true,"href":"https:\/\/archiwum.radiopodlasie.pl\/NEW\/wp-json\/wp\/v2\/media\/22204"}],"wp:attachment":[{"href":"https:\/\/archiwum.radiopodlasie.pl\/NEW\/wp-json\/wp\/v2\/media?parent=30950"}],"wp:term":[{"taxonomy":"category","embeddable":true,"href":"https:\/\/archiwum.radiopodlasie.pl\/NEW\/wp-json\/wp\/v2\/categories?post=30950"},{"taxonomy":"post_tag","embeddable":true,"href":"https:\/\/archiwum.radiopodlasie.pl\/NEW\/wp-json\/wp\/v2\/tags?post=30950"}],"curies":[{"name":"wp","href":"https:\/\/api.w.org\/{rel}","templated":true}]}}