{"id":30956,"date":"2026-04-25T14:45:00","date_gmt":"2026-04-25T12:45:00","guid":{"rendered":"https:\/\/archiwum.radiopodlasie.pl\/NEW\/?p=30956"},"modified":"2026-04-27T09:45:52","modified_gmt":"2026-04-27T07:45:52","slug":"polaczyla-ich-muzyka-madamy-zetelmeny","status":"publish","type":"post","link":"https:\/\/archiwum.radiopodlasie.pl\/NEW\/2026\/04\/25\/polaczyla-ich-muzyka-madamy-zetelmeny\/","title":{"rendered":"Po\u0142\u0105czy\u0142a ich muzyka \u2013 Madamy &amp; \u017b\u0119telmeny"},"content":{"rendered":"<p>Tytu\u0142<strong>: Po\u0142\u0105czy\u0142a ich muzyka \u2013 Madamy &amp; \u017b\u0119telmeny<\/strong><\/p>\n<p>Autor: Agnieszka Bolewska-Iwaniuk<\/p>\n<p>Nazwa audycji: <strong><span style=\"color: #339966;\">Wywiady, Kultura na fali<\/span><\/strong><br \/>Data emisji: 25-04-2026<\/p>\n<p>\u201eJeste\u015bmy pasjonatami muzyki wokalnej w r\u00f3\u017cnym wieku. \u0141\u0105czy nas zami\u0142owanie do \u015bpiewu i wsp\u00f3lnego muzykowania. Nasz\u0105 dzia\u0142alno\u015b\u0107 opieramy na tworzeniu harmonijnych brzmie\u0144 i prezentowaniu r\u00f3\u017cnorodnego repertuaru\u201d \u2013 tak o sobie m\u00f3wi\u0105 cz\u0142onkowie zespo\u0142u Madamy &amp; \u017b\u0119telmeny.<br \/>Grup\u0119 tworz\u0105 mieszka\u0144cy Ciechanowca i okolic. Podczas ich go\u015bcinnego wyst\u0119pu w Grannem \u2013 gdzie odby\u0142o si\u0119 Motocyklowe Otwarcie Sezonu 2026, po\u0142\u0105czone z wprowadzeniem relikwii b\u0142. ks. Jerzego Popie\u0142uszki \u2013 z roz\u015bpiewan\u0105 ekip\u0105 rozmawia\u0142a Agnieszka Bolewska-Iwaniuk.<\/p>\n\n\n<figure class=\"wp-block-image size-full\"><img loading=\"lazy\" decoding=\"async\" width=\"2048\" height=\"1365\" src=\"http:\/\/archiwum.radiopodlasie.pl\/NEW\/wp-content\/uploads\/2026\/04\/0RqhvXl4.jpg\" alt=\"\" class=\"wp-image-30958\" srcset=\"https:\/\/archiwum.radiopodlasie.pl\/NEW\/wp-content\/uploads\/2026\/04\/0RqhvXl4.jpg 2048w, https:\/\/archiwum.radiopodlasie.pl\/NEW\/wp-content\/uploads\/2026\/04\/0RqhvXl4-300x200.jpg 300w, https:\/\/archiwum.radiopodlasie.pl\/NEW\/wp-content\/uploads\/2026\/04\/0RqhvXl4-1024x683.jpg 1024w, https:\/\/archiwum.radiopodlasie.pl\/NEW\/wp-content\/uploads\/2026\/04\/0RqhvXl4-768x512.jpg 768w, https:\/\/archiwum.radiopodlasie.pl\/NEW\/wp-content\/uploads\/2026\/04\/0RqhvXl4-1536x1024.jpg 1536w\" sizes=\"auto, (max-width: 2048px) 100vw, 2048px\" \/><\/figure>\n\n\n\n<figure class=\"wp-block-audio\"><audio controls src=\"https:\/\/dzwieki.radiopodlasie.pl:8789\/uploads\/2026\/04\/260425_abol_25_madamy.mp3\"><\/audio><\/figure>\n","protected":false},"excerpt":{"rendered":"<p>Tytu\u0142: Po\u0142\u0105czy\u0142a ich muzyka \u2013 Madamy &amp; \u017b\u0119telmeny Autor: Agnieszka Bolewska-Iwaniuk Nazwa audycji: Wywiady, Kultura na faliData emisji: 25-04-2026 \u201eJeste\u015bmy pasjonatami muzyki wokalnej w r\u00f3\u017cnym wieku. \u0141\u0105czy nas zami\u0142owanie do \u015bpiewu i wsp\u00f3lnego muzykowania.&#46;&#46;&#46;<\/p>\n","protected":false},"author":123459,"featured_media":30959,"comment_status":"open","ping_status":"open","sticky":false,"template":"","format":"standard","meta":{"om_disable_all_campaigns":false,"_monsterinsights_skip_tracking":false,"_monsterinsights_sitenote_active":false,"_monsterinsights_sitenote_note":"","_monsterinsights_sitenote_category":0,"footnotes":""},"categories":[360,2596,320],"tags":[201,4276],"class_list":["post-30956","post","type-post","status-publish","format-standard","has-post-thumbnail","hentry","category-agnieszka-bolewska-iwaniuk","category-kultura-na-fali","category-wywiady","tag-agnieszka-bolewska-iwaniuk","tag-granne"],"aioseo_notices":[],"_links":{"self":[{"href":"https:\/\/archiwum.radiopodlasie.pl\/NEW\/wp-json\/wp\/v2\/posts\/30956","targetHints":{"allow":["GET"]}}],"collection":[{"href":"https:\/\/archiwum.radiopodlasie.pl\/NEW\/wp-json\/wp\/v2\/posts"}],"about":[{"href":"https:\/\/archiwum.radiopodlasie.pl\/NEW\/wp-json\/wp\/v2\/types\/post"}],"author":[{"embeddable":true,"href":"https:\/\/archiwum.radiopodlasie.pl\/NEW\/wp-json\/wp\/v2\/users\/123459"}],"replies":[{"embeddable":true,"href":"https:\/\/archiwum.radiopodlasie.pl\/NEW\/wp-json\/wp\/v2\/comments?post=30956"}],"version-history":[{"count":2,"href":"https:\/\/archiwum.radiopodlasie.pl\/NEW\/wp-json\/wp\/v2\/posts\/30956\/revisions"}],"predecessor-version":[{"id":30960,"href":"https:\/\/archiwum.radiopodlasie.pl\/NEW\/wp-json\/wp\/v2\/posts\/30956\/revisions\/30960"}],"wp:featuredmedia":[{"embeddable":true,"href":"https:\/\/archiwum.radiopodlasie.pl\/NEW\/wp-json\/wp\/v2\/media\/30959"}],"wp:attachment":[{"href":"https:\/\/archiwum.radiopodlasie.pl\/NEW\/wp-json\/wp\/v2\/media?parent=30956"}],"wp:term":[{"taxonomy":"category","embeddable":true,"href":"https:\/\/archiwum.radiopodlasie.pl\/NEW\/wp-json\/wp\/v2\/categories?post=30956"},{"taxonomy":"post_tag","embeddable":true,"href":"https:\/\/archiwum.radiopodlasie.pl\/NEW\/wp-json\/wp\/v2\/tags?post=30956"}],"curies":[{"name":"wp","href":"https:\/\/api.w.org\/{rel}","templated":true}]}}