{"id":30963,"date":"2026-04-27T20:15:00","date_gmt":"2026-04-27T18:15:00","guid":{"rendered":"https:\/\/archiwum.radiopodlasie.pl\/NEW\/?p=30963"},"modified":"2026-05-01T15:16:17","modified_gmt":"2026-05-01T13:16:17","slug":"formacja-mlodego-czlowieka-w-ruchu-wedrowniczym","status":"publish","type":"post","link":"https:\/\/archiwum.radiopodlasie.pl\/NEW\/2026\/04\/27\/formacja-mlodego-czlowieka-w-ruchu-wedrowniczym\/","title":{"rendered":"Formacja m\u0142odego cz\u0142owieka w ruchu w\u0119drowniczym"},"content":{"rendered":"<p>Tytu\u0142: Formacja m\u0142odego cz\u0142owieka w ruchu w\u0119drowniczym<\/p>\n<p>Autor: diakon Karol Borkowski<\/p>\n<p>Nazwa audycji: Drogami m\u0142odo\u015bci<br \/>Data emisji: 27-04-2026<\/p>\n\n\n<p>W\u0119drownictwo to co\u015b wi\u0119cej ni\u017c harcerstwo\u2026 To droga, kt\u00f3ra naprawd\u0119 zmienia ludzi. Dzi\u015b w audycji harcerskiej spotkanie z w\u0119drownikami. Wyzwania, charakter i s\u0142u\u017cba \u2014 czyli styl \u017cycia, kt\u00f3ry przygotowuje do doros\u0142o\u015bci.<br>Audycj\u0119 w tygodniu Dobrego Pasterza poprowadzi\u0142 diakon Karol Borkowski \u2014 swoj\u0105 drog\u0119 do kap\u0142a\u0144stwa odkry\u0142 w\u0142a\u015bnie w harcerskiej pr\u00f3bie.<\/p>\n\n\n\n<figure class=\"wp-block-image size-large\"><img loading=\"lazy\" decoding=\"async\" width=\"916\" height=\"1024\" src=\"http:\/\/archiwum.radiopodlasie.pl\/NEW\/wp-content\/uploads\/2026\/05\/harcerze_27042026_crop-916x1024.jpg\" alt=\"\" class=\"wp-image-30964\" srcset=\"https:\/\/archiwum.radiopodlasie.pl\/NEW\/wp-content\/uploads\/2026\/05\/harcerze_27042026_crop-916x1024.jpg 916w, https:\/\/archiwum.radiopodlasie.pl\/NEW\/wp-content\/uploads\/2026\/05\/harcerze_27042026_crop-268x300.jpg 268w, https:\/\/archiwum.radiopodlasie.pl\/NEW\/wp-content\/uploads\/2026\/05\/harcerze_27042026_crop-768x859.jpg 768w, https:\/\/archiwum.radiopodlasie.pl\/NEW\/wp-content\/uploads\/2026\/05\/harcerze_27042026_crop-1374x1536.jpg 1374w, https:\/\/archiwum.radiopodlasie.pl\/NEW\/wp-content\/uploads\/2026\/05\/harcerze_27042026_crop.jpg 1522w\" sizes=\"auto, (max-width: 916px) 100vw, 916px\" \/><\/figure>\n\n\n\n<figure class=\"wp-block-audio\"><audio controls src=\"https:\/\/dzwieki.radiopodlasie.pl:8789\/uploads\/2026\/04\/260427_drogami.mp3\"><\/audio><\/figure>\n","protected":false},"excerpt":{"rendered":"<p>Tytu\u0142: Formacja m\u0142odego cz\u0142owieka w ruchu w\u0119drowniczym Autor: diakon Karol Borkowski Nazwa audycji: Drogami m\u0142odo\u015bciData emisji: 27-04-2026 W\u0119drownictwo to co\u015b wi\u0119cej ni\u017c harcerstwo\u2026 To droga, kt\u00f3ra naprawd\u0119 zmienia ludzi. Dzi\u015b w audycji harcerskiej spotkanie&#46;&#46;&#46;<\/p>\n","protected":false},"author":123459,"featured_media":6445,"comment_status":"open","ping_status":"open","sticky":false,"template":"","format":"standard","meta":{"om_disable_all_campaigns":false,"_monsterinsights_skip_tracking":false,"_monsterinsights_sitenote_active":false,"_monsterinsights_sitenote_note":"","_monsterinsights_sitenote_category":0,"footnotes":""},"categories":[328],"tags":[47,1051],"class_list":["post-30963","post","type-post","status-publish","format-standard","has-post-thumbnail","hentry","category-drogami-mlodosci","tag-drogami-mlodosci","tag-harcerze"],"aioseo_notices":[],"_links":{"self":[{"href":"https:\/\/archiwum.radiopodlasie.pl\/NEW\/wp-json\/wp\/v2\/posts\/30963","targetHints":{"allow":["GET"]}}],"collection":[{"href":"https:\/\/archiwum.radiopodlasie.pl\/NEW\/wp-json\/wp\/v2\/posts"}],"about":[{"href":"https:\/\/archiwum.radiopodlasie.pl\/NEW\/wp-json\/wp\/v2\/types\/post"}],"author":[{"embeddable":true,"href":"https:\/\/archiwum.radiopodlasie.pl\/NEW\/wp-json\/wp\/v2\/users\/123459"}],"replies":[{"embeddable":true,"href":"https:\/\/archiwum.radiopodlasie.pl\/NEW\/wp-json\/wp\/v2\/comments?post=30963"}],"version-history":[{"count":1,"href":"https:\/\/archiwum.radiopodlasie.pl\/NEW\/wp-json\/wp\/v2\/posts\/30963\/revisions"}],"predecessor-version":[{"id":30965,"href":"https:\/\/archiwum.radiopodlasie.pl\/NEW\/wp-json\/wp\/v2\/posts\/30963\/revisions\/30965"}],"wp:featuredmedia":[{"embeddable":true,"href":"https:\/\/archiwum.radiopodlasie.pl\/NEW\/wp-json\/wp\/v2\/media\/6445"}],"wp:attachment":[{"href":"https:\/\/archiwum.radiopodlasie.pl\/NEW\/wp-json\/wp\/v2\/media?parent=30963"}],"wp:term":[{"taxonomy":"category","embeddable":true,"href":"https:\/\/archiwum.radiopodlasie.pl\/NEW\/wp-json\/wp\/v2\/categories?post=30963"},{"taxonomy":"post_tag","embeddable":true,"href":"https:\/\/archiwum.radiopodlasie.pl\/NEW\/wp-json\/wp\/v2\/tags?post=30963"}],"curies":[{"name":"wp","href":"https:\/\/api.w.org\/{rel}","templated":true}]}}