{"id":30995,"date":"2026-04-28T17:39:19","date_gmt":"2026-04-28T15:39:19","guid":{"rendered":"https:\/\/archiwum.radiopodlasie.pl\/NEW\/?p=30995"},"modified":"2026-05-01T17:39:38","modified_gmt":"2026-05-01T15:39:38","slug":"razem-dla-natury-w-drohiczynie-odbyl-sie-final-operacji-czysta-rzeka","status":"publish","type":"post","link":"https:\/\/archiwum.radiopodlasie.pl\/NEW\/2026\/04\/28\/razem-dla-natury-w-drohiczynie-odbyl-sie-final-operacji-czysta-rzeka\/","title":{"rendered":"Razem dla natury \u2013 w Drohiczynie odby\u0142 si\u0119 fina\u0142 Operacji Czysta Rzeka"},"content":{"rendered":"<p>Tytu\u0142<strong>: Razem dla natury \u2013 w Drohiczynie odby\u0142 si\u0119 fina\u0142 Operacji Czysta Rzeka<\/strong><\/p>\n<p>Autor: Agnieszka Bolewska-Iwaniuk<\/p>\n<p>Nazwa audycji: <strong><span style=\"color: #339966;\">Wywiady<\/span><\/strong><br \/>Data emisji: 28-04-2026<\/p>\n<p>Wybierzemy si\u0119 teraz do Drohiczyna &#8211; miejsce, w kt\u00f3rym przed laty narodzi\u0142a si\u0119 idea Operacji Czysta Rzeka. Te ekologiczna inicjatywa rozros\u0142a si\u0119 przez lata, obejmuj\u0105c kolejne obszary, dzi\u015b odbywa si\u0119 w ca\u0142ej Polsce. \u00d3smy Wielki Fina\u0142 wielkiego sprz\u0105tania zorganizowano w tym roku w\u0142a\u015bnie w Drohiczynie nad Bugiem. Tu w ramach Operacji Czysta Rzeka sprz\u0105taniu towarzyszy\u0142y warsztaty, wystawy, spacery ekologiczne i Wieki Wy\u015bcig Patyk\u00f3w, kt\u00f3ry przeci\u0105gn\u0105\u0142 nad Bug wielu ciekawych tego wydarzenia.<br \/>Z uczestnikami wielkiego sprz\u0105tania nad Bugiem rozmawia\u0142a Agnieszka Bolewska-Iwaniuk.<\/p>\n\n\n<figure class=\"wp-block-image size-full\"><img loading=\"lazy\" decoding=\"async\" width=\"1200\" height=\"800\" src=\"http:\/\/archiwum.radiopodlasie.pl\/NEW\/wp-content\/uploads\/2026\/05\/abol_27_Drohiczyn-operacja-czysta-rzeka-32.jpg\" alt=\"\" class=\"wp-image-30997\" srcset=\"https:\/\/archiwum.radiopodlasie.pl\/NEW\/wp-content\/uploads\/2026\/05\/abol_27_Drohiczyn-operacja-czysta-rzeka-32.jpg 1200w, https:\/\/archiwum.radiopodlasie.pl\/NEW\/wp-content\/uploads\/2026\/05\/abol_27_Drohiczyn-operacja-czysta-rzeka-32-300x200.jpg 300w, https:\/\/archiwum.radiopodlasie.pl\/NEW\/wp-content\/uploads\/2026\/05\/abol_27_Drohiczyn-operacja-czysta-rzeka-32-1024x683.jpg 1024w, https:\/\/archiwum.radiopodlasie.pl\/NEW\/wp-content\/uploads\/2026\/05\/abol_27_Drohiczyn-operacja-czysta-rzeka-32-768x512.jpg 768w\" sizes=\"auto, (max-width: 1200px) 100vw, 1200px\" \/><\/figure>\n\n\n\n<figure class=\"wp-block-audio\"><audio controls src=\"https:\/\/dzwieki.radiopodlasie.pl:8789\/uploads\/2026\/04\/260428_abol_28_CzystaRzeka.mp3\"><\/audio><\/figure>\n\n\n\n<figure class=\"wp-block-image size-large\"><img loading=\"lazy\" decoding=\"async\" width=\"1024\" height=\"683\" src=\"http:\/\/archiwum.radiopodlasie.pl\/NEW\/wp-content\/uploads\/2026\/05\/abol_27_Drohiczyn-operacja-czysta-rzeka-46-1024x683.jpg\" alt=\"\" class=\"wp-image-31001\" srcset=\"https:\/\/archiwum.radiopodlasie.pl\/NEW\/wp-content\/uploads\/2026\/05\/abol_27_Drohiczyn-operacja-czysta-rzeka-46-1024x683.jpg 1024w, https:\/\/archiwum.radiopodlasie.pl\/NEW\/wp-content\/uploads\/2026\/05\/abol_27_Drohiczyn-operacja-czysta-rzeka-46-300x200.jpg 300w, https:\/\/archiwum.radiopodlasie.pl\/NEW\/wp-content\/uploads\/2026\/05\/abol_27_Drohiczyn-operacja-czysta-rzeka-46-768x512.jpg 768w, https:\/\/archiwum.radiopodlasie.pl\/NEW\/wp-content\/uploads\/2026\/05\/abol_27_Drohiczyn-operacja-czysta-rzeka-46.jpg 1200w\" sizes=\"auto, (max-width: 1024px) 100vw, 1024px\" \/><\/figure>\n\n\n\n<figure class=\"wp-block-image size-large\"><img loading=\"lazy\" decoding=\"async\" width=\"1024\" height=\"683\" src=\"http:\/\/archiwum.radiopodlasie.pl\/NEW\/wp-content\/uploads\/2026\/05\/abol_27_Drohiczyn-operacja-czysta-rzeka-45-1024x683.jpg\" alt=\"\" class=\"wp-image-31000\" srcset=\"https:\/\/archiwum.radiopodlasie.pl\/NEW\/wp-content\/uploads\/2026\/05\/abol_27_Drohiczyn-operacja-czysta-rzeka-45-1024x683.jpg 1024w, https:\/\/archiwum.radiopodlasie.pl\/NEW\/wp-content\/uploads\/2026\/05\/abol_27_Drohiczyn-operacja-czysta-rzeka-45-300x200.jpg 300w, https:\/\/archiwum.radiopodlasie.pl\/NEW\/wp-content\/uploads\/2026\/05\/abol_27_Drohiczyn-operacja-czysta-rzeka-45-768x512.jpg 768w, https:\/\/archiwum.radiopodlasie.pl\/NEW\/wp-content\/uploads\/2026\/05\/abol_27_Drohiczyn-operacja-czysta-rzeka-45.jpg 1200w\" sizes=\"auto, (max-width: 1024px) 100vw, 1024px\" \/><\/figure>\n\n\n\n<figure class=\"wp-block-image size-large\"><img loading=\"lazy\" decoding=\"async\" width=\"1024\" height=\"683\" src=\"http:\/\/archiwum.radiopodlasie.pl\/NEW\/wp-content\/uploads\/2026\/05\/abol_27_Drohiczyn-operacja-czysta-rzeka-41-1024x683.jpg\" alt=\"\" class=\"wp-image-30999\" srcset=\"https:\/\/archiwum.radiopodlasie.pl\/NEW\/wp-content\/uploads\/2026\/05\/abol_27_Drohiczyn-operacja-czysta-rzeka-41-1024x683.jpg 1024w, https:\/\/archiwum.radiopodlasie.pl\/NEW\/wp-content\/uploads\/2026\/05\/abol_27_Drohiczyn-operacja-czysta-rzeka-41-300x200.jpg 300w, https:\/\/archiwum.radiopodlasie.pl\/NEW\/wp-content\/uploads\/2026\/05\/abol_27_Drohiczyn-operacja-czysta-rzeka-41-768x512.jpg 768w, https:\/\/archiwum.radiopodlasie.pl\/NEW\/wp-content\/uploads\/2026\/05\/abol_27_Drohiczyn-operacja-czysta-rzeka-41.jpg 1200w\" sizes=\"auto, (max-width: 1024px) 100vw, 1024px\" \/><\/figure>\n\n\n\n<figure class=\"wp-block-image size-large\"><img loading=\"lazy\" decoding=\"async\" width=\"1024\" height=\"683\" src=\"http:\/\/archiwum.radiopodlasie.pl\/NEW\/wp-content\/uploads\/2026\/05\/abol_27_Drohiczyn-operacja-czysta-rzeka-35-1024x683.jpg\" alt=\"\" class=\"wp-image-30998\" srcset=\"https:\/\/archiwum.radiopodlasie.pl\/NEW\/wp-content\/uploads\/2026\/05\/abol_27_Drohiczyn-operacja-czysta-rzeka-35-1024x683.jpg 1024w, https:\/\/archiwum.radiopodlasie.pl\/NEW\/wp-content\/uploads\/2026\/05\/abol_27_Drohiczyn-operacja-czysta-rzeka-35-300x200.jpg 300w, https:\/\/archiwum.radiopodlasie.pl\/NEW\/wp-content\/uploads\/2026\/05\/abol_27_Drohiczyn-operacja-czysta-rzeka-35-768x512.jpg 768w, https:\/\/archiwum.radiopodlasie.pl\/NEW\/wp-content\/uploads\/2026\/05\/abol_27_Drohiczyn-operacja-czysta-rzeka-35.jpg 1200w\" sizes=\"auto, (max-width: 1024px) 100vw, 1024px\" \/><\/figure>\n","protected":false},"excerpt":{"rendered":"<p>Tytu\u0142: Razem dla natury \u2013 w Drohiczynie odby\u0142 si\u0119 fina\u0142 Operacji Czysta Rzeka Autor: Agnieszka Bolewska-Iwaniuk Nazwa audycji: WywiadyData emisji: 28-04-2026 Wybierzemy si\u0119 teraz do Drohiczyna &#8211; miejsce, w kt\u00f3rym przed laty narodzi\u0142a si\u0119&#46;&#46;&#46;<\/p>\n","protected":false},"author":123459,"featured_media":30997,"comment_status":"open","ping_status":"open","sticky":false,"template":"","format":"standard","meta":{"om_disable_all_campaigns":false,"_monsterinsights_skip_tracking":false,"_monsterinsights_sitenote_active":false,"_monsterinsights_sitenote_note":"","_monsterinsights_sitenote_category":0,"footnotes":""},"categories":[360,320],"tags":[201,840,3311],"class_list":["post-30995","post","type-post","status-publish","format-standard","has-post-thumbnail","hentry","category-agnieszka-bolewska-iwaniuk","category-wywiady","tag-agnieszka-bolewska-iwaniuk","tag-drohiczyn","tag-operacja-czysta-rzeka"],"aioseo_notices":[],"_links":{"self":[{"href":"https:\/\/archiwum.radiopodlasie.pl\/NEW\/wp-json\/wp\/v2\/posts\/30995","targetHints":{"allow":["GET"]}}],"collection":[{"href":"https:\/\/archiwum.radiopodlasie.pl\/NEW\/wp-json\/wp\/v2\/posts"}],"about":[{"href":"https:\/\/archiwum.radiopodlasie.pl\/NEW\/wp-json\/wp\/v2\/types\/post"}],"author":[{"embeddable":true,"href":"https:\/\/archiwum.radiopodlasie.pl\/NEW\/wp-json\/wp\/v2\/users\/123459"}],"replies":[{"embeddable":true,"href":"https:\/\/archiwum.radiopodlasie.pl\/NEW\/wp-json\/wp\/v2\/comments?post=30995"}],"version-history":[{"count":2,"href":"https:\/\/archiwum.radiopodlasie.pl\/NEW\/wp-json\/wp\/v2\/posts\/30995\/revisions"}],"predecessor-version":[{"id":31002,"href":"https:\/\/archiwum.radiopodlasie.pl\/NEW\/wp-json\/wp\/v2\/posts\/30995\/revisions\/31002"}],"wp:featuredmedia":[{"embeddable":true,"href":"https:\/\/archiwum.radiopodlasie.pl\/NEW\/wp-json\/wp\/v2\/media\/30997"}],"wp:attachment":[{"href":"https:\/\/archiwum.radiopodlasie.pl\/NEW\/wp-json\/wp\/v2\/media?parent=30995"}],"wp:term":[{"taxonomy":"category","embeddable":true,"href":"https:\/\/archiwum.radiopodlasie.pl\/NEW\/wp-json\/wp\/v2\/categories?post=30995"},{"taxonomy":"post_tag","embeddable":true,"href":"https:\/\/archiwum.radiopodlasie.pl\/NEW\/wp-json\/wp\/v2\/tags?post=30995"}],"curies":[{"name":"wp","href":"https:\/\/api.w.org\/{rel}","templated":true}]}}